{"id":25424,"date":"2024-09-13T16:00:00","date_gmt":"2024-09-13T16:00:00","guid":{"rendered":"https:\/\/blogs.oregonstate.edu\/scarc\/?p=25424"},"modified":"2024-09-16T16:29:36","modified_gmt":"2024-09-16T16:29:36","slug":"latinx-heritage-month-2024","status":"publish","type":"post","link":"https:\/\/blogs.oregonstate.edu\/scarc\/2024\/09\/13\/latinx-heritage-month-2024\/","title":{"rendered":"Colegio C\u00e9sar Ch\u00e1vez Exhibit ~ Latinx Heritage Month 2024"},"content":{"rendered":"<div class=\"wp-block-image\">\n<figure class=\"aligncenter size-full\"><img loading=\"lazy\" decoding=\"async\" width=\"548\" height=\"545\" src=\"https:\/\/osu-wams-blogs-uploads.s3.amazonaws.com\/blogs.dir\/3292\/files\/2024\/09\/20240913-PODER-Summit.png\" alt=\"\" class=\"wp-image-25427\" srcset=\"https:\/\/osu-wams-blogs-uploads.s3.amazonaws.com\/blogs.dir\/3292\/files\/2024\/09\/20240913-PODER-Summit.png 548w, https:\/\/osu-wams-blogs-uploads.s3.amazonaws.com\/blogs.dir\/3292\/files\/2024\/09\/20240913-PODER-Summit-300x298.png 300w, https:\/\/osu-wams-blogs-uploads.s3.amazonaws.com\/blogs.dir\/3292\/files\/2024\/09\/20240913-PODER-Summit-150x150.png 150w\" sizes=\"auto, (max-width: 548px) 100vw, 548px\" \/><\/figure>\n<\/div>\n\n\n<p class=\"has-text-align-left\"><strong>PODER\u2019s Hispanic Heritage Month Breakfast &amp; Summit:<\/strong> <strong>Higher Education Summit <\/strong><\/p>\n\n\n\n<p>The <a href=\"https:\/\/blogs.oregonstate.edu\/scarc\/2023\/09\/14\/colegio-cesar-chavez-exhibit\/\" target=\"_blank\" rel=\"noreferrer noopener\">Colegio C\u00e9sar Ch\u00e1vez exhibit<\/a> and a panel presentation about the university&#8217;s history and legacy were featured at the September 13th, 2024 Higher Education Summit at the Salem Convention Center.<\/p>\n\n\n\n<p><em>Colegio Documentary (forthcoming!)<\/em><\/p>\n\n\n\n<p>In the morning, Oregon Public Broadcasting Documentary Producer Alicia Avila spoke about her forthcoming short documentary about the legacy of the Colegio C\u00e9sar Ch\u00e1vez. The documentary is planned to be available online in mid-October.   <\/p>\n\n\n\n<figure class=\"wp-block-image size-large\"><img loading=\"lazy\" decoding=\"async\" width=\"1024\" height=\"576\" src=\"https:\/\/osu-wams-blogs-uploads.s3.amazonaws.com\/blogs.dir\/3292\/files\/2024\/09\/20240913_PODER-10-1024x576.jpg\" alt=\"\" class=\"wp-image-25441\" srcset=\"https:\/\/osu-wams-blogs-uploads.s3.amazonaws.com\/blogs.dir\/3292\/files\/2024\/09\/20240913_PODER-10-1024x576.jpg 1024w, https:\/\/osu-wams-blogs-uploads.s3.amazonaws.com\/blogs.dir\/3292\/files\/2024\/09\/20240913_PODER-10-300x169.jpg 300w, https:\/\/osu-wams-blogs-uploads.s3.amazonaws.com\/blogs.dir\/3292\/files\/2024\/09\/20240913_PODER-10-768x432.jpg 768w, https:\/\/osu-wams-blogs-uploads.s3.amazonaws.com\/blogs.dir\/3292\/files\/2024\/09\/20240913_PODER-10-1536x864.jpg 1536w, https:\/\/osu-wams-blogs-uploads.s3.amazonaws.com\/blogs.dir\/3292\/files\/2024\/09\/20240913_PODER-10-2048x1152.jpg 2048w, https:\/\/osu-wams-blogs-uploads.s3.amazonaws.com\/blogs.dir\/3292\/files\/2024\/09\/20240913_PODER-10-624x351.jpg 624w\" sizes=\"auto, (max-width: 1024px) 100vw, 1024px\" \/><figcaption class=\"wp-element-caption\">Alicia Avila speaking about her OPB Colegio documentary<\/figcaption><\/figure>\n\n\n\n<p><em>Panel Presentation <\/em><\/p>\n\n\n\n<p>As part of the summit, the afternoon panel provided the historical significance of the Colegio C\u00e9sar Ch\u00e1vez from&nbsp;1970 to 1983, focusing on issues and personal successes during Colegio\u2019s most difficult&nbsp;period. Discussion around Colegio&#8217;s historical impact and catalyst for equal&nbsp;educational opportunities for Chicano and other minority students also took place. In addition, the panelists shared some personal stories about C\u00e9sar E. Ch\u00e1vez and the lessons they learned from their&nbsp;involvement with the Colegio.<\/p>\n\n\n\n<p>The Colegio panel was a part of the Higher Education Track for the Summit:<\/p>\n\n\n<div class=\"wp-block-image\">\n<figure class=\"aligncenter size-large is-resized\"><img loading=\"lazy\" decoding=\"async\" width=\"576\" height=\"1024\" src=\"https:\/\/osu-wams-blogs-uploads.s3.amazonaws.com\/blogs.dir\/3292\/files\/2024\/09\/20240913_PODER-12-576x1024.jpg\" alt=\"\" class=\"wp-image-25437\" style=\"width:383px;height:auto\" srcset=\"https:\/\/osu-wams-blogs-uploads.s3.amazonaws.com\/blogs.dir\/3292\/files\/2024\/09\/20240913_PODER-12-576x1024.jpg 576w, https:\/\/osu-wams-blogs-uploads.s3.amazonaws.com\/blogs.dir\/3292\/files\/2024\/09\/20240913_PODER-12-169x300.jpg 169w, https:\/\/osu-wams-blogs-uploads.s3.amazonaws.com\/blogs.dir\/3292\/files\/2024\/09\/20240913_PODER-12-768x1365.jpg 768w, https:\/\/osu-wams-blogs-uploads.s3.amazonaws.com\/blogs.dir\/3292\/files\/2024\/09\/20240913_PODER-12-864x1536.jpg 864w, https:\/\/osu-wams-blogs-uploads.s3.amazonaws.com\/blogs.dir\/3292\/files\/2024\/09\/20240913_PODER-12-1152x2048.jpg 1152w, https:\/\/osu-wams-blogs-uploads.s3.amazonaws.com\/blogs.dir\/3292\/files\/2024\/09\/20240913_PODER-12-624x1109.jpg 624w, https:\/\/osu-wams-blogs-uploads.s3.amazonaws.com\/blogs.dir\/3292\/files\/2024\/09\/20240913_PODER-12-scaled.jpg 1440w\" sizes=\"auto, (max-width: 576px) 100vw, 576px\" \/><\/figure>\n<\/div>\n\n\n<p>Moderator:&nbsp;Natalia Fern\u00e1ndez,&nbsp;Curator of the OSU&#8217;s Oregon Multicultural Archives &amp; OSU Queer Archives.<\/p>\n\n\n\n<p>Panelists: Jos\u00e9 Romero,\u00a0Co-founder of the Colegio C\u00e9sar Ch\u00e1vez and Colegio&#8217;s Director of Academic Affairs &amp; Sonny Montes,\u00a0Co-founder of the Colegio C\u00e9sar Ch\u00e1vez and Colegio&#8217;s Director of Administrative Affairs. Jos\u00e9 is a retired educator, administrator, and community activist for social justice and equality, and he is a life-long advocate for the well-being of the Chicano\/Latino community. Jos\u00e9 taught Chicano Studies at Lane Community College and at Colegio Cesar Chavez. Along with Jos\u00e9, Sonny co-founded the Cesar E. Chavez Student\u00a0Leadership Conference in 1990. Sonny was\u00a0also a member of the Cesar E. Chavez Boulevard Committee in Portland, Oregon that\u00a0was successful in renaming 39th Avenue in honor of Cesar Chavez. In 2010, he received the Distinguished Latino\u00a0Educator Award from the Oregon Association of Latino Administrators.<\/p>\n\n\n\n<p><em>The Exhibit<\/em><\/p>\n\n\n<div class=\"wp-block-image\">\n<figure class=\"aligncenter size-large is-resized\"><img loading=\"lazy\" decoding=\"async\" width=\"576\" height=\"1024\" src=\"https:\/\/osu-wams-blogs-uploads.s3.amazonaws.com\/blogs.dir\/3292\/files\/2024\/09\/20240913_PODER-01-576x1024.jpg\" alt=\"\" class=\"wp-image-25433\" style=\"width:449px;height:auto\" srcset=\"https:\/\/osu-wams-blogs-uploads.s3.amazonaws.com\/blogs.dir\/3292\/files\/2024\/09\/20240913_PODER-01-576x1024.jpg 576w, https:\/\/osu-wams-blogs-uploads.s3.amazonaws.com\/blogs.dir\/3292\/files\/2024\/09\/20240913_PODER-01-169x300.jpg 169w, https:\/\/osu-wams-blogs-uploads.s3.amazonaws.com\/blogs.dir\/3292\/files\/2024\/09\/20240913_PODER-01-768x1365.jpg 768w, https:\/\/osu-wams-blogs-uploads.s3.amazonaws.com\/blogs.dir\/3292\/files\/2024\/09\/20240913_PODER-01-864x1536.jpg 864w, https:\/\/osu-wams-blogs-uploads.s3.amazonaws.com\/blogs.dir\/3292\/files\/2024\/09\/20240913_PODER-01-1152x2048.jpg 1152w, https:\/\/osu-wams-blogs-uploads.s3.amazonaws.com\/blogs.dir\/3292\/files\/2024\/09\/20240913_PODER-01-624x1109.jpg 624w, https:\/\/osu-wams-blogs-uploads.s3.amazonaws.com\/blogs.dir\/3292\/files\/2024\/09\/20240913_PODER-01-scaled.jpg 1440w\" sizes=\"auto, (max-width: 576px) 100vw, 576px\" \/><\/figure>\n<\/div>\n\n\n<figure class=\"wp-block-image size-large\"><img loading=\"lazy\" decoding=\"async\" width=\"1024\" height=\"576\" src=\"https:\/\/osu-wams-blogs-uploads.s3.amazonaws.com\/blogs.dir\/3292\/files\/2024\/09\/20240913_PODER-07-1024x576.jpg\" alt=\"\" class=\"wp-image-25434\" srcset=\"https:\/\/osu-wams-blogs-uploads.s3.amazonaws.com\/blogs.dir\/3292\/files\/2024\/09\/20240913_PODER-07-1024x576.jpg 1024w, https:\/\/osu-wams-blogs-uploads.s3.amazonaws.com\/blogs.dir\/3292\/files\/2024\/09\/20240913_PODER-07-300x169.jpg 300w, https:\/\/osu-wams-blogs-uploads.s3.amazonaws.com\/blogs.dir\/3292\/files\/2024\/09\/20240913_PODER-07-768x432.jpg 768w, https:\/\/osu-wams-blogs-uploads.s3.amazonaws.com\/blogs.dir\/3292\/files\/2024\/09\/20240913_PODER-07-1536x864.jpg 1536w, https:\/\/osu-wams-blogs-uploads.s3.amazonaws.com\/blogs.dir\/3292\/files\/2024\/09\/20240913_PODER-07-2048x1152.jpg 2048w, https:\/\/osu-wams-blogs-uploads.s3.amazonaws.com\/blogs.dir\/3292\/files\/2024\/09\/20240913_PODER-07-624x351.jpg 624w\" sizes=\"auto, (max-width: 1024px) 100vw, 1024px\" \/><\/figure>\n\n\n<div class=\"wp-block-image\">\n<figure class=\"aligncenter size-large is-resized\"><img loading=\"lazy\" decoding=\"async\" width=\"576\" height=\"1024\" src=\"https:\/\/osu-wams-blogs-uploads.s3.amazonaws.com\/blogs.dir\/3292\/files\/2024\/09\/20240913_PODER-05-576x1024.jpg\" alt=\"\" class=\"wp-image-25435\" style=\"width:464px;height:auto\" srcset=\"https:\/\/osu-wams-blogs-uploads.s3.amazonaws.com\/blogs.dir\/3292\/files\/2024\/09\/20240913_PODER-05-576x1024.jpg 576w, https:\/\/osu-wams-blogs-uploads.s3.amazonaws.com\/blogs.dir\/3292\/files\/2024\/09\/20240913_PODER-05-169x300.jpg 169w, https:\/\/osu-wams-blogs-uploads.s3.amazonaws.com\/blogs.dir\/3292\/files\/2024\/09\/20240913_PODER-05-768x1365.jpg 768w, https:\/\/osu-wams-blogs-uploads.s3.amazonaws.com\/blogs.dir\/3292\/files\/2024\/09\/20240913_PODER-05-864x1536.jpg 864w, https:\/\/osu-wams-blogs-uploads.s3.amazonaws.com\/blogs.dir\/3292\/files\/2024\/09\/20240913_PODER-05-1152x2048.jpg 1152w, https:\/\/osu-wams-blogs-uploads.s3.amazonaws.com\/blogs.dir\/3292\/files\/2024\/09\/20240913_PODER-05-624x1109.jpg 624w, https:\/\/osu-wams-blogs-uploads.s3.amazonaws.com\/blogs.dir\/3292\/files\/2024\/09\/20240913_PODER-05-scaled.jpg 1440w\" sizes=\"auto, (max-width: 576px) 100vw, 576px\" \/><\/figure>\n<\/div>\n\n\n<figure class=\"wp-block-image size-large\"><img loading=\"lazy\" decoding=\"async\" width=\"1024\" height=\"576\" src=\"https:\/\/osu-wams-blogs-uploads.s3.amazonaws.com\/blogs.dir\/3292\/files\/2024\/09\/20240913_PODER-03-1024x576.jpg\" alt=\"\" class=\"wp-image-25436\" srcset=\"https:\/\/osu-wams-blogs-uploads.s3.amazonaws.com\/blogs.dir\/3292\/files\/2024\/09\/20240913_PODER-03-1024x576.jpg 1024w, https:\/\/osu-wams-blogs-uploads.s3.amazonaws.com\/blogs.dir\/3292\/files\/2024\/09\/20240913_PODER-03-300x169.jpg 300w, https:\/\/osu-wams-blogs-uploads.s3.amazonaws.com\/blogs.dir\/3292\/files\/2024\/09\/20240913_PODER-03-768x432.jpg 768w, https:\/\/osu-wams-blogs-uploads.s3.amazonaws.com\/blogs.dir\/3292\/files\/2024\/09\/20240913_PODER-03-1536x864.jpg 1536w, https:\/\/osu-wams-blogs-uploads.s3.amazonaws.com\/blogs.dir\/3292\/files\/2024\/09\/20240913_PODER-03-2048x1152.jpg 2048w, https:\/\/osu-wams-blogs-uploads.s3.amazonaws.com\/blogs.dir\/3292\/files\/2024\/09\/20240913_PODER-03-624x351.jpg 624w\" sizes=\"auto, (max-width: 1024px) 100vw, 1024px\" \/><\/figure>\n\n\n\n<p><strong>Colegio on Tour <\/strong><\/p>\n\n\n\n<p>The exhibit is on view to the public from mid-September to mid-October at the Newberg Public Library (503 E Hancock St, Newberg, OR 97132). If you are in the area, be sure to visit!<\/p>\n\n\n\n<p><strong>Bonus<\/strong><\/p>\n\n\n\n<p>A muralist spoke about his art and included a photo of a mural he worked on for OSU!<\/p>\n\n\n\n<figure class=\"wp-block-image size-large\"><img loading=\"lazy\" decoding=\"async\" width=\"1024\" height=\"576\" src=\"https:\/\/osu-wams-blogs-uploads.s3.amazonaws.com\/blogs.dir\/3292\/files\/2024\/09\/20240913_PODER-08-1024x576.jpg\" alt=\"\" class=\"wp-image-25439\" srcset=\"https:\/\/osu-wams-blogs-uploads.s3.amazonaws.com\/blogs.dir\/3292\/files\/2024\/09\/20240913_PODER-08-1024x576.jpg 1024w, https:\/\/osu-wams-blogs-uploads.s3.amazonaws.com\/blogs.dir\/3292\/files\/2024\/09\/20240913_PODER-08-300x169.jpg 300w, https:\/\/osu-wams-blogs-uploads.s3.amazonaws.com\/blogs.dir\/3292\/files\/2024\/09\/20240913_PODER-08-768x432.jpg 768w, https:\/\/osu-wams-blogs-uploads.s3.amazonaws.com\/blogs.dir\/3292\/files\/2024\/09\/20240913_PODER-08-1536x864.jpg 1536w, https:\/\/osu-wams-blogs-uploads.s3.amazonaws.com\/blogs.dir\/3292\/files\/2024\/09\/20240913_PODER-08-2048x1152.jpg 2048w, https:\/\/osu-wams-blogs-uploads.s3.amazonaws.com\/blogs.dir\/3292\/files\/2024\/09\/20240913_PODER-08-624x351.jpg 624w\" sizes=\"auto, (max-width: 1024px) 100vw, 1024px\" \/><\/figure>\n","protected":false},"excerpt":{"rendered":"<p>PODER\u2019s Hispanic Heritage Month Breakfast &amp; Summit: Higher Education Summit The Colegio C\u00e9sar Ch\u00e1vez exhibit and a panel presentation about the university&#8217;s history and legacy were featured at the September 13th, 2024 Higher Education Summit at the Salem Convention Center. Colegio Documentary (forthcoming!) In the morning, Oregon Public Broadcasting Documentary Producer Alicia Avila spoke about [&hellip;]<\/p>\n","protected":false},"author":6078,"featured_media":0,"comment_status":"open","ping_status":"open","sticky":false,"template":"","format":"standard","meta":{"_jetpack_memberships_contains_paid_content":false,"footnotes":"","jetpack_publicize_message":"","jetpack_publicize_feature_enabled":true,"jetpack_social_post_already_shared":true,"jetpack_social_options":{"image_generator_settings":{"template":"highway","default_image_id":0,"font":"","enabled":false},"version":2}},"categories":[97151],"tags":[1345958,1345955],"class_list":["post-25424","post","type-post","status-publish","format-standard","hentry","category-exhibit","tag-colegio","tag-oma"],"jetpack_publicize_connections":[],"jetpack_featured_media_url":"","jetpack_sharing_enabled":true,"_links":{"self":[{"href":"https:\/\/blogs.oregonstate.edu\/scarc\/wp-json\/wp\/v2\/posts\/25424","targetHints":{"allow":["GET"]}}],"collection":[{"href":"https:\/\/blogs.oregonstate.edu\/scarc\/wp-json\/wp\/v2\/posts"}],"about":[{"href":"https:\/\/blogs.oregonstate.edu\/scarc\/wp-json\/wp\/v2\/types\/post"}],"author":[{"embeddable":true,"href":"https:\/\/blogs.oregonstate.edu\/scarc\/wp-json\/wp\/v2\/users\/6078"}],"replies":[{"embeddable":true,"href":"https:\/\/blogs.oregonstate.edu\/scarc\/wp-json\/wp\/v2\/comments?post=25424"}],"version-history":[{"count":19,"href":"https:\/\/blogs.oregonstate.edu\/scarc\/wp-json\/wp\/v2\/posts\/25424\/revisions"}],"predecessor-version":[{"id":25455,"href":"https:\/\/blogs.oregonstate.edu\/scarc\/wp-json\/wp\/v2\/posts\/25424\/revisions\/25455"}],"wp:attachment":[{"href":"https:\/\/blogs.oregonstate.edu\/scarc\/wp-json\/wp\/v2\/media?parent=25424"}],"wp:term":[{"taxonomy":"category","embeddable":true,"href":"https:\/\/blogs.oregonstate.edu\/scarc\/wp-json\/wp\/v2\/categories?post=25424"},{"taxonomy":"post_tag","embeddable":true,"href":"https:\/\/blogs.oregonstate.edu\/scarc\/wp-json\/wp\/v2\/tags?post=25424"}],"curies":[{"name":"wp","href":"https:\/\/api.w.org\/{rel}","templated":true}]}}