{"id":933,"date":"2026-08-31T15:28:52","date_gmt":"2026-08-31T23:28:52","guid":{"rendered":"https:\/\/blogs.oregonstate.edu\/opec\/?p=933"},"modified":"2026-08-31T15:28:53","modified_gmt":"2026-08-31T23:28:53","slug":"es-hora-de-ir-la-escuela","status":"publish","type":"post","link":"https:\/\/blogs.oregonstate.edu\/opec\/es-hora-de-ir-la-escuela\/","title":{"rendered":"\u00a1Es hora de ir la escuela!"},"content":{"rendered":"\n<div class=\"wp-block-buttons is-content-justification-center is-layout-flex wp-container-core-buttons-is-layout-16018d1d wp-block-buttons-is-layout-flex\">\n<div class=\"wp-block-button is-style-fill\"><a class=\"wp-block-button__link has-beaver-orange-background-color has-background wp-element-button\" href=\"https:\/\/blogs.oregonstate.edu\/opec\/time-for-school\/\">English<\/a><\/div>\n<\/div>\n\n\n\n<p><em>He sido educadora por d\u00e9cadas, y las temporadas de regreso a clases siguen estando llenas de entusiasmo. Me encanta la energ\u00eda de un \u201cnuevo comienzo\u201d y la anticipaci\u00f3n de conocer a nuevos estudiantes y familias. Me encantan las rutinas y los nuevos \u00fatiles escolares. Claro, no todos los ni\u00f1os ni todas las familias comparten mis sentimientos. Podemos hacer que este tiempo de transici\u00f3n sea un poco m\u00e1s f\u00e1cil y optimista para todos.<\/em><\/p>\n\n\n\n<h2 class=\"wp-block-heading\">A la escuela por primera vez<\/h2>\n\n\n\n<p>\u00a1Asistir a la escuela por primera vez marca un momento importante para todos!&nbsp; Antes del gran d\u00eda, las familias a menudo se preguntan qu\u00e9 pueden hacer para garantizar que sus hijos est\u00e9n preparados. Si su hijo\/a ha asistido a la guarder\u00eda o a preescolar, \u00a1ya cuenta con maravillosas experiencias fuera de casa, y est\u00e1 construyendo sus habilidades sociales!<\/p>\n\n\n\n<p>Es posible que su hijo\/a tenga algo de ansiedad esperada sobre las cuestiones espec\u00edficas de la nueva escuela. Muchas escuelas ofrecen eventos de puertas abiertas que son una maravillosa oportunidad para ver el lugar y conocer a los maestros. Visitar un jard\u00edn de juegos de una escuela en el verano es una forma divertida de ayudar a su hijo\/a a sentirse m\u00e1s c\u00f3modo\/a antes del gran d\u00eda. <a href=\"https:\/\/podcasts.apple.com\/us\/podcast\/sesame-street-ready-for-school-challenge\/id1503402876\">Plaza S\u00e9samo tiene episodios de podcast de 5 minutos<\/a> sobre la escuela que su hijo\/a podr\u00eda disfrutar.<\/p>\n\n\n\n<p>Hable de la escuela de forma positiva y con entusiasmo. Si usted se siente nervioso\/a, hable con otras familias o vecinos sobre su experiencia, pero trate de hacerlo lejos del alcance de su hijo\/a, para que no transmitirle sus propios miedos.<\/p>\n\n\n\n<p>Leer <a href=\"https:\/\/bookshop.org\/p\/books\/the-invisible-string-patrice-karst\/31f277fc12724602?ean=9780316486231\">\u201cThe Invisible String\u201d<\/a> (\u201cEl Hilo Invisible\u201d, <a href=\"https:\/\/bookshop.org\/p\/books\/el-hilo-invisible-the-invisible-string-patrice-karst\/3130e594b9260eed?ean=9780316600842\">en espa\u00f1ol<\/a>) podr\u00eda ayudarle a su hijo\/a controlar las inquietudes sobre si le echar\u00e1 de menos cuando est\u00e9 en la escuela. A algunos ni\u00f1os tambi\u00e9n les gusta tener una foto de su familia en su mochila, o un <a href=\"https:\/\/bookshop.org\/p\/books\/i-love-you-rituals-becky-a-bailey\/9f98ddf4eae0f046?ean=9780688161170\">peque\u00f1o ritual diario<\/a> para facilitar la transici\u00f3n.<\/p>\n\n\n\n<p>Ayude a apoyar las habilidades de independencia de su hijo\/a, como abotonarse sus pantalones, lavarse las manos de forma apropiada, y subir el cierre de su chamarra.<\/p>\n\n\n\n<p>\u00a1Una de las cosas m\u00e1s importantes que puede hacer para preparar a su hijo\/a acad\u00e9micamente es leer juntos! Haga una rutina que involucre leer libros y haga que ese momento sea alegre. Acurr\u00faquense, bajen el ritmo y disfruten. Use una voz simp\u00e1tica y diga \u201cs\u00ed\u201d cuando su hijo\/a le pida que le vuelva a leer el mismo libro. Para ni\u00f1os que son especialmente inquietos, l\u00e9ales cuando no tengan mucho espacio para moverse, como a la hora del almuerzo o mientras van en el carro.<\/p>\n\n\n\n<h2 class=\"wp-block-heading\">A\u00f1os de transici\u00f3n<\/h2>\n\n\n\n<p>Como madre, he notado algo de ansiedad en mis hijos cuando hacen la transici\u00f3n a nuevas escuelas (secundaria, preparatoria, etc.). \u00a1Estos son cambios muy importantes para ellos!<\/p>\n\n\n\n<p>Invite la conversaci\u00f3n con su hijo\/a para darle la oportunidad de compartir lo que siente. Igual que con los ni\u00f1os peque\u00f1os, si usted tiene dudas y nerviosismo, encuentre una salida para esos sentimientos fuera de las conversaciones con su hijo\/a.&nbsp; Es posible que quiera empezar a compartir c\u00f3mo se sinti\u00f3 cuando usted fue a una nueva escuela o comenz\u00f3 un nuevo trabajo. Mis hijos se preocupaban de perderse y llegar tarde a clase. Yo les aseguraba que los maestros esperaban que esto ocurriera y que les ayudar\u00edan a encontrar su camino correcto.<\/p>\n\n\n\n<p>Muchas escuelas ofrecen tiempo para visitar y caminar por la escuela para encontrar las clases y los casilleros. Estas visitas pueden ayudar a calmar los nervios del primer d\u00eda. Puede ser \u00fatil encontrar algunas actividades que pueden entusiasmarles. \u00bfHay clubes en la escuela a los que su hijo\/a se pueda afiliar? Tal vez es tan simple como empacar su golosina favorita en su almuerzo o una promesa de un evento divertido la primera noche de viernes.<\/p>\n\n\n\n<p>Las transiciones a menudo significan m\u00e1s independencia para los ni\u00f1os. Antes de que iniciara la escuela, mis hijos y yo hac\u00edamos lluvia de ideas sobre las rutinas extraescolares para estructurar el tiempo de la tarea, los refrigerios, actividades y tiempo de descanso. <a href=\"https:\/\/childmind.org\/article\/starting-middle-school\/#how-do-you-help-your-child-stay-organized\">La Dra. Jane Wong, una neuropsic\u00f3loga, recomienda<\/a> (<a href=\"https:\/\/childmind.org\/es\/articulo\/comenzar-la-secundaria\/\">en espa\u00f1ol<\/a>) que los ni\u00f1os con Trastorno de Hiperactividad y D\u00e9ficit de Atenci\u00f3n (ADHD, por sus siglas en ingl\u00e9s) y otros problemas de atenci\u00f3n podr\u00edan beneficiarse de un asiento con movimiento mientras hacen la tarea para mejorar su concentraci\u00f3n.<\/p>\n\n\n\n<h2 class=\"wp-block-heading\">Consejos generales<\/h2>\n\n\n\n<p>Todos nosotros podr\u00edamos necesitar apoyo para volver a las rutinas del regreso a clases. Puede ser \u00fatil compartir un calendario para que todos los miembros de la familia conozcan los planes. Mis hijos se han beneficiado de un \u201crepaso\u201d de nuestras rutinas de la ma\u00f1ana, de esa manera, todos sabemos cu\u00e1nto tiempo toman las coas y ellos <a href=\"https:\/\/www.instagram.com\/p\/PPXtQfQ-wj\/\">saben la rutina.<\/a><\/p>\n\n\n\n<p>Los ni\u00f1os m\u00e1s j\u00f3venes podr\u00edan querer im\u00e1genes de los planes (un autob\u00fas escolar para los d\u00edas que van en autob\u00fas, o una bicicleta para cuando van a regresar en bicicleta a casa), y puede usar una plantilla como <a href=\"https:\/\/www.pbs.org\/parents\/printables\/first-week-of-school-planner\">esta de PBS Kids<\/a>. Los ni\u00f1os mayores pueden usar un calendario digital compartido, para estar al tanto de las actividades extraescolares o noches en que se quedar\u00e1n a dormir en casa de amigos, que pueden esperar con entusiasmo.<\/p>\n\n\n\n<p>Prepararse para el cambio en la rutina es igual de importante para los adultos. Antes de que inicie el a\u00f1o escolar, considere hacer algo de espacio en su calendario para hacer tiempo para ma\u00f1anas ocupadas o para emociones que deben atenderse en las noches. Espere emociones en la casa. Cuando sea posible, garantizar que todos est\u00e1n <a href=\"https:\/\/health.clevelandclinic.org\/recommended-amount-of-sleep-for-children\">durmiendo lo suficiente<\/a> y consumiendo alimentos nutritivos. Siempre tengo que ajustar mi propio calendario de sue\u00f1o en la semana previa al regreso a la escuela.<\/p>\n\n\n\n<p>\u00a1Empezar un nuevo a\u00f1o escolar es un momento muy emocionante! Celebre el inicio de la valent\u00eda de su hijo\/a con cada nuevo paso. Como adultos, podemos modelar estabilidad y ofrecer cuidado durante esta transici\u00f3n. Nuestras emociones ser\u00e1n contagiosas. Nuestra confianza y compasi\u00f3n ayudar\u00e1 a nuestros hijos a encontrar lo mejor en estas nuevas situaciones y ofrezca apoyo para la resoluci\u00f3n de problemas cuando sea necesario.<\/p>\n\n\n\n<hr class=\"wp-block-separator has-alpha-channel-opacity\" \/>\n\n\n\n<div class=\"wp-block-group\"><div class=\"wp-block-group__inner-container is-layout-constrained wp-block-group-is-layout-constrained\">\n<p>Por Megan McQueen. Traducci\u00f3n al espa\u00f1ol por <a href=\"https:\/\/irco.org\/ilb\/\">IRCO\u2019s International Language Bank<\/a>.<\/p>\n\n\n\n<p><em>Megan McQueen es una cari\u00f1osa maestra, entrenadora, consultora y escritora. Basa su trabajo en la educaci\u00f3n emp\u00e1tica, para lo cual imparte un fuerte sentido de comunidad y habilidades sociales a aquellos con quienes trabaja. Megan prioriza el aprendizaje emocional y las habilidades de resoluci\u00f3n de problemas. Cuando no est\u00e1 trabajando, lo m\u00e1s probable es que est\u00e9 jugando con su esposo, sus dos hijos y su perrito.<\/em><\/p>\n\n\n\n<p><em>\u00a1Lea y obtenga m\u00e1s informaci\u00f3n sobre\u00a0<\/em><a href=\"http:\/\/www.health.oregonstate.edu\/opec\"><em>Oregon Parenting Education Collaborative<\/em><\/a>\u00a0<a href=\"https:\/\/blogs.oregonstate.edu\/opec\/\"><em>en nuestro blog<\/em><\/a>.<\/p>\n\n\n\n<div class=\"wp-block-buttons is-content-justification-center is-layout-flex wp-container-core-buttons-is-layout-16018d1d wp-block-buttons-is-layout-flex\">\n<div class=\"wp-block-button\"><a class=\"wp-block-button__link wp-element-button\">Lee Todas Notas en Espa\u00f1ol<\/a><\/div>\n<\/div>\n<\/div><\/div>\n","protected":false},"excerpt":{"rendered":"<p>He sido educadora por d\u00e9cadas, y las temporadas de regreso a clases siguen estando llenas de entusiasmo. Me encanta la energ\u00eda de un \u201cnuevo comienzo\u201d y la anticipaci\u00f3n de conocer a nuevos estudiantes y familias. Me encantan las rutinas y los nuevos \u00fatiles escolares. Claro, no todos los ni\u00f1os ni todas las familias comparten mis [&hellip;]<\/p>\n","protected":false},"author":12148,"featured_media":931,"comment_status":"closed","ping_status":"open","sticky":false,"template":"templates\/template-full-width.php","format":"standard","meta":{"_jetpack_newsletter_access":"","_jetpack_dont_email_post_to_subs":false,"_jetpack_newsletter_tier_id":0,"_jetpack_memberships_contains_paywalled_content":false,"_jetpack_memberships_contains_paid_content":false,"footnotes":""},"categories":[9],"tags":[47,139,88],"class_list":["post-933","post","type-post","status-publish","format-standard","has-post-thumbnail","hentry","category-espanol","tag-adolescentes","tag-la-primera-infancia","tag-padres"],"yoast_head":"<!-- This site is optimized with the Yoast SEO plugin v28.3 - https:\/\/yoast.com\/product\/yoast-seo-wordpress\/ -->\n<title>\u00a1Es hora de ir la escuela! - Oregon Parenting Education Collaborative Blog<\/title>\n<meta name=\"robots\" content=\"index, follow, max-snippet:-1, max-image-preview:large, max-video-preview:-1\" \/>\n<link rel=\"canonical\" href=\"https:\/\/blogs.oregonstate.edu\/opec\/es-hora-de-ir-la-escuela\/\" \/>\n<meta property=\"og:locale\" content=\"en_US\" \/>\n<meta property=\"og:type\" content=\"article\" \/>\n<meta property=\"og:title\" content=\"\u00a1Es hora de ir la escuela! - Oregon Parenting Education Collaborative Blog\" \/>\n<meta property=\"og:description\" content=\"He sido educadora por d\u00e9cadas, y las temporadas de regreso a clases siguen estando llenas de entusiasmo. Me encanta la energ\u00eda de un \u201cnuevo comienzo\u201d y la anticipaci\u00f3n de conocer a nuevos estudiantes y familias. Me encantan las rutinas y los nuevos \u00fatiles escolares. Claro, no todos los ni\u00f1os ni todas las familias comparten mis [&hellip;]\" \/>\n<meta property=\"og:url\" content=\"https:\/\/blogs.oregonstate.edu\/opec\/es-hora-de-ir-la-escuela\/\" \/>\n<meta property=\"og:site_name\" content=\"Oregon Parenting Education Collaborative Blog\" \/>\n<meta property=\"article:published_time\" content=\"2026-08-31T23:28:52+00:00\" \/>\n<meta property=\"article:modified_time\" content=\"2026-08-31T23:28:53+00:00\" \/>\n<meta property=\"og:image\" content=\"https:\/\/osu-wams-blogs-uploads.s3.amazonaws.com\/blogs.dir\/5315\/files\/2026\/08\/time-for-school.jpg\" \/>\n\t<meta property=\"og:image:width\" content=\"840\" \/>\n\t<meta property=\"og:image:height\" content=\"560\" \/>\n\t<meta property=\"og:image:type\" content=\"image\/jpeg\" \/>\n<meta name=\"author\" content=\"Linse Sullivan\" \/>\n<meta name=\"twitter:card\" content=\"summary_large_image\" \/>\n<meta name=\"twitter:label1\" content=\"Written by\" \/>\n\t<meta name=\"twitter:data1\" content=\"Linse Sullivan\" \/>\n\t<meta name=\"twitter:label2\" content=\"Est. reading time\" \/>\n\t<meta name=\"twitter:data2\" content=\"5 minutes\" \/>\n<script type=\"application\/ld+json\" class=\"yoast-schema-graph\">{\"@context\":\"https:\\\/\\\/schema.org\",\"@graph\":[{\"@type\":\"Article\",\"@id\":\"https:\\\/\\\/blogs.oregonstate.edu\\\/opec\\\/es-hora-de-ir-la-escuela\\\/#article\",\"isPartOf\":{\"@id\":\"https:\\\/\\\/blogs.oregonstate.edu\\\/opec\\\/es-hora-de-ir-la-escuela\\\/\"},\"author\":{\"name\":\"Linse Sullivan\",\"@id\":\"https:\\\/\\\/blogs.oregonstate.edu\\\/opec\\\/#\\\/schema\\\/person\\\/ed9fd134e6c1b88acf80a70cf09e60da\"},\"headline\":\"\u00a1Es hora de ir la escuela!\",\"datePublished\":\"2026-08-31T23:28:52+00:00\",\"dateModified\":\"2026-08-31T23:28:53+00:00\",\"mainEntityOfPage\":{\"@id\":\"https:\\\/\\\/blogs.oregonstate.edu\\\/opec\\\/es-hora-de-ir-la-escuela\\\/\"},\"wordCount\":1090,\"publisher\":{\"@id\":\"https:\\\/\\\/blogs.oregonstate.edu\\\/opec\\\/#organization\"},\"image\":{\"@id\":\"https:\\\/\\\/blogs.oregonstate.edu\\\/opec\\\/es-hora-de-ir-la-escuela\\\/#primaryimage\"},\"thumbnailUrl\":\"https:\\\/\\\/i0.wp.com\\\/osu-wams-blogs-uploads.s3.amazonaws.com\\\/blogs.dir\\\/5315\\\/files\\\/2026\\\/08\\\/time-for-school.jpg?fit=840%2C560&ssl=1\",\"keywords\":[\"adolescentes\",\"la primera infancia\",\"padres\"],\"articleSection\":[\"Espa\u00f1ol\"],\"inLanguage\":\"en-US\"},{\"@type\":\"WebPage\",\"@id\":\"https:\\\/\\\/blogs.oregonstate.edu\\\/opec\\\/es-hora-de-ir-la-escuela\\\/\",\"url\":\"https:\\\/\\\/blogs.oregonstate.edu\\\/opec\\\/es-hora-de-ir-la-escuela\\\/\",\"name\":\"\u00a1Es hora de ir la escuela! - Oregon Parenting Education Collaborative Blog\",\"isPartOf\":{\"@id\":\"https:\\\/\\\/blogs.oregonstate.edu\\\/opec\\\/#website\"},\"primaryImageOfPage\":{\"@id\":\"https:\\\/\\\/blogs.oregonstate.edu\\\/opec\\\/es-hora-de-ir-la-escuela\\\/#primaryimage\"},\"image\":{\"@id\":\"https:\\\/\\\/blogs.oregonstate.edu\\\/opec\\\/es-hora-de-ir-la-escuela\\\/#primaryimage\"},\"thumbnailUrl\":\"https:\\\/\\\/i0.wp.com\\\/osu-wams-blogs-uploads.s3.amazonaws.com\\\/blogs.dir\\\/5315\\\/files\\\/2026\\\/08\\\/time-for-school.jpg?fit=840%2C560&ssl=1\",\"datePublished\":\"2026-08-31T23:28:52+00:00\",\"dateModified\":\"2026-08-31T23:28:53+00:00\",\"breadcrumb\":{\"@id\":\"https:\\\/\\\/blogs.oregonstate.edu\\\/opec\\\/es-hora-de-ir-la-escuela\\\/#breadcrumb\"},\"inLanguage\":\"en-US\",\"potentialAction\":[{\"@type\":\"ReadAction\",\"target\":[\"https:\\\/\\\/blogs.oregonstate.edu\\\/opec\\\/es-hora-de-ir-la-escuela\\\/\"]}]},{\"@type\":\"ImageObject\",\"inLanguage\":\"en-US\",\"@id\":\"https:\\\/\\\/blogs.oregonstate.edu\\\/opec\\\/es-hora-de-ir-la-escuela\\\/#primaryimage\",\"url\":\"https:\\\/\\\/i0.wp.com\\\/osu-wams-blogs-uploads.s3.amazonaws.com\\\/blogs.dir\\\/5315\\\/files\\\/2026\\\/08\\\/time-for-school.jpg?fit=840%2C560&ssl=1\",\"contentUrl\":\"https:\\\/\\\/i0.wp.com\\\/osu-wams-blogs-uploads.s3.amazonaws.com\\\/blogs.dir\\\/5315\\\/files\\\/2026\\\/08\\\/time-for-school.jpg?fit=840%2C560&ssl=1\",\"width\":840,\"height\":560,\"caption\":\"A group of young students examining books \\\/ un grupo de estudiantes examinando libros\"},{\"@type\":\"BreadcrumbList\",\"@id\":\"https:\\\/\\\/blogs.oregonstate.edu\\\/opec\\\/es-hora-de-ir-la-escuela\\\/#breadcrumb\",\"itemListElement\":[{\"@type\":\"ListItem\",\"position\":1,\"name\":\"Home\",\"item\":\"https:\\\/\\\/blogs.oregonstate.edu\\\/opec\\\/\"},{\"@type\":\"ListItem\",\"position\":2,\"name\":\"\u00a1Es hora de ir la escuela!\"}]},{\"@type\":\"WebSite\",\"@id\":\"https:\\\/\\\/blogs.oregonstate.edu\\\/opec\\\/#website\",\"url\":\"https:\\\/\\\/blogs.oregonstate.edu\\\/opec\\\/\",\"name\":\"Oregon Parenting Education Collaborative Blog\",\"description\":\"\",\"publisher\":{\"@id\":\"https:\\\/\\\/blogs.oregonstate.edu\\\/opec\\\/#organization\"},\"potentialAction\":[{\"@type\":\"SearchAction\",\"target\":{\"@type\":\"EntryPoint\",\"urlTemplate\":\"https:\\\/\\\/blogs.oregonstate.edu\\\/opec\\\/?s={search_term_string}\"},\"query-input\":{\"@type\":\"PropertyValueSpecification\",\"valueRequired\":true,\"valueName\":\"search_term_string\"}}],\"inLanguage\":\"en-US\"},{\"@type\":\"Organization\",\"@id\":\"https:\\\/\\\/blogs.oregonstate.edu\\\/opec\\\/#organization\",\"name\":\"Oregon Parenting Education Collaborative\",\"alternateName\":\"OPEC\",\"url\":\"https:\\\/\\\/blogs.oregonstate.edu\\\/opec\\\/\",\"logo\":{\"@type\":\"ImageObject\",\"inLanguage\":\"en-US\",\"@id\":\"https:\\\/\\\/blogs.oregonstate.edu\\\/opec\\\/#\\\/schema\\\/logo\\\/image\\\/\",\"url\":\"https:\\\/\\\/i0.wp.com\\\/osu-wams-blogs-uploads.s3.amazonaws.com\\\/blogs.dir\\\/5315\\\/files\\\/2022\\\/02\\\/OPECHorizBW.jpg?fit=838%2C332&ssl=1\",\"contentUrl\":\"https:\\\/\\\/i0.wp.com\\\/osu-wams-blogs-uploads.s3.amazonaws.com\\\/blogs.dir\\\/5315\\\/files\\\/2022\\\/02\\\/OPECHorizBW.jpg?fit=838%2C332&ssl=1\",\"width\":838,\"height\":332,\"caption\":\"Oregon Parenting Education Collaborative\"},\"image\":{\"@id\":\"https:\\\/\\\/blogs.oregonstate.edu\\\/opec\\\/#\\\/schema\\\/logo\\\/image\\\/\"}},{\"@type\":\"Person\",\"@id\":\"https:\\\/\\\/blogs.oregonstate.edu\\\/opec\\\/#\\\/schema\\\/person\\\/ed9fd134e6c1b88acf80a70cf09e60da\",\"name\":\"Linse Sullivan\",\"url\":\"https:\\\/\\\/blogs.oregonstate.edu\\\/opec\\\/author\\\/sulllins\\\/\"}]}<\/script>\n<!-- \/ Yoast SEO plugin. -->","yoast_head_json":{"title":"\u00a1Es hora de ir la escuela! - Oregon Parenting Education Collaborative Blog","robots":{"index":"index","follow":"follow","max-snippet":"max-snippet:-1","max-image-preview":"max-image-preview:large","max-video-preview":"max-video-preview:-1"},"canonical":"https:\/\/blogs.oregonstate.edu\/opec\/es-hora-de-ir-la-escuela\/","og_locale":"en_US","og_type":"article","og_title":"\u00a1Es hora de ir la escuela! - Oregon Parenting Education Collaborative Blog","og_description":"He sido educadora por d\u00e9cadas, y las temporadas de regreso a clases siguen estando llenas de entusiasmo. Me encanta la energ\u00eda de un \u201cnuevo comienzo\u201d y la anticipaci\u00f3n de conocer a nuevos estudiantes y familias. Me encantan las rutinas y los nuevos \u00fatiles escolares. Claro, no todos los ni\u00f1os ni todas las familias comparten mis [&hellip;]","og_url":"https:\/\/blogs.oregonstate.edu\/opec\/es-hora-de-ir-la-escuela\/","og_site_name":"Oregon Parenting Education Collaborative Blog","article_published_time":"2026-08-31T23:28:52+00:00","article_modified_time":"2026-08-31T23:28:53+00:00","og_image":[{"width":840,"height":560,"url":"https:\/\/osu-wams-blogs-uploads.s3.amazonaws.com\/blogs.dir\/5315\/files\/2026\/08\/time-for-school.jpg","type":"image\/jpeg"}],"author":"Linse Sullivan","twitter_card":"summary_large_image","twitter_misc":{"Written by":"Linse Sullivan","Est. reading time":"5 minutes"},"schema":{"@context":"https:\/\/schema.org","@graph":[{"@type":"Article","@id":"https:\/\/blogs.oregonstate.edu\/opec\/es-hora-de-ir-la-escuela\/#article","isPartOf":{"@id":"https:\/\/blogs.oregonstate.edu\/opec\/es-hora-de-ir-la-escuela\/"},"author":{"name":"Linse Sullivan","@id":"https:\/\/blogs.oregonstate.edu\/opec\/#\/schema\/person\/ed9fd134e6c1b88acf80a70cf09e60da"},"headline":"\u00a1Es hora de ir la escuela!","datePublished":"2026-08-31T23:28:52+00:00","dateModified":"2026-08-31T23:28:53+00:00","mainEntityOfPage":{"@id":"https:\/\/blogs.oregonstate.edu\/opec\/es-hora-de-ir-la-escuela\/"},"wordCount":1090,"publisher":{"@id":"https:\/\/blogs.oregonstate.edu\/opec\/#organization"},"image":{"@id":"https:\/\/blogs.oregonstate.edu\/opec\/es-hora-de-ir-la-escuela\/#primaryimage"},"thumbnailUrl":"https:\/\/i0.wp.com\/osu-wams-blogs-uploads.s3.amazonaws.com\/blogs.dir\/5315\/files\/2026\/08\/time-for-school.jpg?fit=840%2C560&ssl=1","keywords":["adolescentes","la primera infancia","padres"],"articleSection":["Espa\u00f1ol"],"inLanguage":"en-US"},{"@type":"WebPage","@id":"https:\/\/blogs.oregonstate.edu\/opec\/es-hora-de-ir-la-escuela\/","url":"https:\/\/blogs.oregonstate.edu\/opec\/es-hora-de-ir-la-escuela\/","name":"\u00a1Es hora de ir la escuela! - Oregon Parenting Education Collaborative Blog","isPartOf":{"@id":"https:\/\/blogs.oregonstate.edu\/opec\/#website"},"primaryImageOfPage":{"@id":"https:\/\/blogs.oregonstate.edu\/opec\/es-hora-de-ir-la-escuela\/#primaryimage"},"image":{"@id":"https:\/\/blogs.oregonstate.edu\/opec\/es-hora-de-ir-la-escuela\/#primaryimage"},"thumbnailUrl":"https:\/\/i0.wp.com\/osu-wams-blogs-uploads.s3.amazonaws.com\/blogs.dir\/5315\/files\/2026\/08\/time-for-school.jpg?fit=840%2C560&ssl=1","datePublished":"2026-08-31T23:28:52+00:00","dateModified":"2026-08-31T23:28:53+00:00","breadcrumb":{"@id":"https:\/\/blogs.oregonstate.edu\/opec\/es-hora-de-ir-la-escuela\/#breadcrumb"},"inLanguage":"en-US","potentialAction":[{"@type":"ReadAction","target":["https:\/\/blogs.oregonstate.edu\/opec\/es-hora-de-ir-la-escuela\/"]}]},{"@type":"ImageObject","inLanguage":"en-US","@id":"https:\/\/blogs.oregonstate.edu\/opec\/es-hora-de-ir-la-escuela\/#primaryimage","url":"https:\/\/i0.wp.com\/osu-wams-blogs-uploads.s3.amazonaws.com\/blogs.dir\/5315\/files\/2026\/08\/time-for-school.jpg?fit=840%2C560&ssl=1","contentUrl":"https:\/\/i0.wp.com\/osu-wams-blogs-uploads.s3.amazonaws.com\/blogs.dir\/5315\/files\/2026\/08\/time-for-school.jpg?fit=840%2C560&ssl=1","width":840,"height":560,"caption":"A group of young students examining books \/ un grupo de estudiantes examinando libros"},{"@type":"BreadcrumbList","@id":"https:\/\/blogs.oregonstate.edu\/opec\/es-hora-de-ir-la-escuela\/#breadcrumb","itemListElement":[{"@type":"ListItem","position":1,"name":"Home","item":"https:\/\/blogs.oregonstate.edu\/opec\/"},{"@type":"ListItem","position":2,"name":"\u00a1Es hora de ir la escuela!"}]},{"@type":"WebSite","@id":"https:\/\/blogs.oregonstate.edu\/opec\/#website","url":"https:\/\/blogs.oregonstate.edu\/opec\/","name":"Oregon Parenting Education Collaborative Blog","description":"","publisher":{"@id":"https:\/\/blogs.oregonstate.edu\/opec\/#organization"},"potentialAction":[{"@type":"SearchAction","target":{"@type":"EntryPoint","urlTemplate":"https:\/\/blogs.oregonstate.edu\/opec\/?s={search_term_string}"},"query-input":{"@type":"PropertyValueSpecification","valueRequired":true,"valueName":"search_term_string"}}],"inLanguage":"en-US"},{"@type":"Organization","@id":"https:\/\/blogs.oregonstate.edu\/opec\/#organization","name":"Oregon Parenting Education Collaborative","alternateName":"OPEC","url":"https:\/\/blogs.oregonstate.edu\/opec\/","logo":{"@type":"ImageObject","inLanguage":"en-US","@id":"https:\/\/blogs.oregonstate.edu\/opec\/#\/schema\/logo\/image\/","url":"https:\/\/i0.wp.com\/osu-wams-blogs-uploads.s3.amazonaws.com\/blogs.dir\/5315\/files\/2022\/02\/OPECHorizBW.jpg?fit=838%2C332&ssl=1","contentUrl":"https:\/\/i0.wp.com\/osu-wams-blogs-uploads.s3.amazonaws.com\/blogs.dir\/5315\/files\/2022\/02\/OPECHorizBW.jpg?fit=838%2C332&ssl=1","width":838,"height":332,"caption":"Oregon Parenting Education Collaborative"},"image":{"@id":"https:\/\/blogs.oregonstate.edu\/opec\/#\/schema\/logo\/image\/"}},{"@type":"Person","@id":"https:\/\/blogs.oregonstate.edu\/opec\/#\/schema\/person\/ed9fd134e6c1b88acf80a70cf09e60da","name":"Linse Sullivan","url":"https:\/\/blogs.oregonstate.edu\/opec\/author\/sulllins\/"}]}},"jetpack_sharing_enabled":true,"jetpack_featured_media_url":"https:\/\/i0.wp.com\/osu-wams-blogs-uploads.s3.amazonaws.com\/blogs.dir\/5315\/files\/2026\/08\/time-for-school.jpg?fit=840%2C560&ssl=1","_links":{"self":[{"href":"https:\/\/blogs.oregonstate.edu\/opec\/wp-json\/wp\/v2\/posts\/933","targetHints":{"allow":["GET"]}}],"collection":[{"href":"https:\/\/blogs.oregonstate.edu\/opec\/wp-json\/wp\/v2\/posts"}],"about":[{"href":"https:\/\/blogs.oregonstate.edu\/opec\/wp-json\/wp\/v2\/types\/post"}],"author":[{"embeddable":true,"href":"https:\/\/blogs.oregonstate.edu\/opec\/wp-json\/wp\/v2\/users\/12148"}],"replies":[{"embeddable":true,"href":"https:\/\/blogs.oregonstate.edu\/opec\/wp-json\/wp\/v2\/comments?post=933"}],"version-history":[{"count":2,"href":"https:\/\/blogs.oregonstate.edu\/opec\/wp-json\/wp\/v2\/posts\/933\/revisions"}],"predecessor-version":[{"id":936,"href":"https:\/\/blogs.oregonstate.edu\/opec\/wp-json\/wp\/v2\/posts\/933\/revisions\/936"}],"wp:featuredmedia":[{"embeddable":true,"href":"https:\/\/blogs.oregonstate.edu\/opec\/wp-json\/wp\/v2\/media\/931"}],"wp:attachment":[{"href":"https:\/\/blogs.oregonstate.edu\/opec\/wp-json\/wp\/v2\/media?parent=933"}],"wp:term":[{"taxonomy":"category","embeddable":true,"href":"https:\/\/blogs.oregonstate.edu\/opec\/wp-json\/wp\/v2\/categories?post=933"},{"taxonomy":"post_tag","embeddable":true,"href":"https:\/\/blogs.oregonstate.edu\/opec\/wp-json\/wp\/v2\/tags?post=933"}],"curies":[{"name":"wp","href":"https:\/\/api.w.org\/{rel}","templated":true}]}}