{"id":656,"date":"2025-06-12T16:52:40","date_gmt":"2025-06-12T16:52:40","guid":{"rendered":"https:\/\/blogs.oregonstate.edu\/opec\/?p=656"},"modified":"2025-06-12T16:52:44","modified_gmt":"2025-06-12T16:52:44","slug":"padres-juntos-como-crear-un-vinculo-afectivo-con-su-bebe","status":"publish","type":"post","link":"https:\/\/blogs.oregonstate.edu\/opec\/padres-juntos-como-crear-un-vinculo-afectivo-con-su-bebe\/","title":{"rendered":"Padres juntos: C\u00f3mo crear un v\u00ednculo afectivo con su beb\u00e9\u00a0"},"content":{"rendered":"\n<div class=\"wp-block-buttons is-content-justification-center is-layout-flex wp-container-core-buttons-is-layout-16018d1d wp-block-buttons-is-layout-flex\">\n<div class=\"wp-block-button\"><a class=\"wp-block-button__link has-beaver-orange-background-color has-background has-text-align-center wp-element-button\">English<\/a><\/div>\n<\/div>\n\n\n\n<hr class=\"wp-block-separator has-alpha-channel-opacity\" \/>\n\n\n\n<div class=\"wp-block-media-text has-media-on-the-right is-stacked-on-mobile\"><div class=\"wp-block-media-text__content\">\n<p>Crear un fuerte v\u00ednculo afectivo con su beb\u00e9 durante los primeros meses de ser padres puede ser una experiencia maravillosa pero dif\u00edcil mientras se adapta a nuevas rutinas y responsabilidades. \u00a1Probablemente usted ya hace muchas cosas que ayudan a crear establecer una fuerte relaci\u00f3n! Esta conexi\u00f3n que est\u00e1 formando cumple un papel importante en su desarrollo social, afectivo y f\u00edsico.&nbsp;&nbsp;<\/p>\n\n\n\n<p>Un fuerte v\u00ednculo, a menudo llamado apego seguro, es una relaci\u00f3n de ida y vuelta: su beb\u00e9 responde a sus se\u00f1ales tal como usted responde a la suya. Al responder a sus necesidades, usted crea confianza, la cual le ayuda a sentirse seguro y comprendido.&nbsp;&nbsp;<\/p>\n<\/div><figure class=\"wp-block-media-text__media\"><img data-recalc-dims=\"1\" loading=\"lazy\" decoding=\"async\" width=\"580\" height=\"473\" src=\"https:\/\/i0.wp.com\/osu-wams-blogs-uploads.s3.amazonaws.com\/blogs.dir\/5315\/files\/2025\/01\/Screenshot-2025-01-07-at-10.18.12%E2%80%AFAM.png?resize=580%2C473&#038;ssl=1\" alt=\"\" class=\"wp-image-605 size-full\" srcset=\"https:\/\/i0.wp.com\/osu-wams-blogs-uploads.s3.amazonaws.com\/blogs.dir\/5315\/files\/2025\/01\/Screenshot-2025-01-07-at-10.18.12%E2%80%AFAM.png?w=664&amp;ssl=1 664w, https:\/\/i0.wp.com\/osu-wams-blogs-uploads.s3.amazonaws.com\/blogs.dir\/5315\/files\/2025\/01\/Screenshot-2025-01-07-at-10.18.12%E2%80%AFAM.png?resize=300%2C245&amp;ssl=1 300w\" sizes=\"auto, (max-width: 580px) 100vw, 580px\" \/><\/figure><\/div>\n\n\n\n<hr class=\"wp-block-separator has-alpha-channel-opacity\" \/>\n\n\n\n<h2 class=\"wp-block-heading has-text-align-center\">\u00bfEn qu\u00e9 consisten las se\u00f1ales?\u00a0<em>\u00a0<\/em><\/h2>\n\n\n\n<div class=\"wp-block-media-text is-stacked-on-mobile\" style=\"grid-template-columns:49% auto\"><figure class=\"wp-block-media-text__media\"><img data-recalc-dims=\"1\" loading=\"lazy\" decoding=\"async\" width=\"580\" height=\"386\" src=\"https:\/\/i0.wp.com\/osu-wams-blogs-uploads.s3.amazonaws.com\/blogs.dir\/5315\/files\/2025\/01\/Screenshot-2025-01-07-at-10.18.22%E2%80%AFAM.png?resize=580%2C386&#038;ssl=1\" alt=\"\" class=\"wp-image-599 size-full\" srcset=\"https:\/\/i0.wp.com\/osu-wams-blogs-uploads.s3.amazonaws.com\/blogs.dir\/5315\/files\/2025\/01\/Screenshot-2025-01-07-at-10.18.22%E2%80%AFAM.png?w=694&amp;ssl=1 694w, https:\/\/i0.wp.com\/osu-wams-blogs-uploads.s3.amazonaws.com\/blogs.dir\/5315\/files\/2025\/01\/Screenshot-2025-01-07-at-10.18.22%E2%80%AFAM.png?resize=300%2C200&amp;ssl=1 300w\" sizes=\"auto, (max-width: 580px) 100vw, 580px\" \/><\/figure><div class=\"wp-block-media-text__content\">\n<p>En la infancia, las se\u00f1ales son las peque\u00f1as indicaciones que usan los beb\u00e9s para expresar sus necesidades o sentimientos. &nbsp;<\/p>\n\n\n\n<p>Puesto que no pueden hablar a\u00fan, dependen de sonidos, movimientos y expresiones faciales para comunicarse. Prestar atenci\u00f3n a estas se\u00f1ales es importante, y con el tiempo, usted comenzar\u00e1 a ver los patrones relacionados con sus necesidades.&nbsp;&nbsp;<\/p>\n\n\n\n<p>Las se\u00f1ales comunes podr\u00edan incluir volver la cabeza con la boca abierta, chasquear los labios o hacer sonidos de protesta cuando tiene hambre. Frotarse los ojos, bostezar o quedarse callado volverse fastidioso pueden ser se\u00f1ales de que est\u00e1 cansado. El llanto suele ser la se\u00f1al m\u00e1s reconocible para expresar sus necesidades, incluido el deseo de ser consolado.&nbsp;<\/p>\n<\/div><\/div>\n\n\n\n<h2 class=\"wp-block-heading has-text-align-center\">Maneras de responder\u00a0\u00a0\u00a0<\/h2>\n\n\n\n<div class=\"wp-block-media-text has-media-on-the-right is-stacked-on-mobile\"><div class=\"wp-block-media-text__content\">\n<ul class=\"wp-block-list\">\n<li>Puede ser \u00fatil observar las se\u00f1ales tempranas de hambre, como chasquear los labios. Responder a estas se\u00f1ales tempranas antes de que comience a llorar puede crear una experiencia de alimentaci\u00f3n m\u00e1s positiva.\u00a0<\/li>\n\n\n\n<li>Cuando observa se\u00f1ales de cansancio, como bostezar o frotarse los ojos, puede ser beneficioso calmarlo suavemente para que se duerma. Podr\u00eda envolverlo o mecerlo en un lugar tranquilo y con luces tenues para ayudarlo a calmarse.\u00a0\u00a0\u00a0<\/li>\n<\/ul>\n\n\n\n<ul class=\"wp-block-list\">\n<li>En momentos de irritabilidad, alzarlo y sostenerlo contra su pecho suele funcionar como consuelo. Hablar con voz tierna y hacer movimientos suaves pueden ayudar a calmarlo, dado que a los beb\u00e9s les encanta el contacto de piel con piel y la voz.\u00a0\u00a0\u00a0<\/li>\n\n\n\n<li>Cuando su beb\u00e9 hace contacto visual con usted o extiende los brazos hacia usted, ofrezca sonrisas, h\u00e1blele o haga sonidos suaves. Una gran actividad de conexi\u00f3n es hablarle mientras le cambia el pa\u00f1al. Aunque parezca una tonter\u00eda, contarle sobre cada paso al cambiarle el pa\u00f1al es una manera de interactuar con \u00e9l en la rutina.<\/li>\n<\/ul>\n\n\n\n<p>\u00a0\u00a0<\/p>\n<\/div><figure class=\"wp-block-media-text__media\"><img data-recalc-dims=\"1\" loading=\"lazy\" decoding=\"async\" width=\"580\" height=\"385\" src=\"https:\/\/i0.wp.com\/osu-wams-blogs-uploads.s3.amazonaws.com\/blogs.dir\/5315\/files\/2025\/01\/Screenshot-2025-01-07-at-10.18.17%E2%80%AFAM-5.png?resize=580%2C385&#038;ssl=1\" alt=\"A parent reads to their toddler who intently studies the page.\" class=\"wp-image-618 size-full\" srcset=\"https:\/\/i0.wp.com\/osu-wams-blogs-uploads.s3.amazonaws.com\/blogs.dir\/5315\/files\/2025\/01\/Screenshot-2025-01-07-at-10.18.17%E2%80%AFAM-5.png?w=696&amp;ssl=1 696w, https:\/\/i0.wp.com\/osu-wams-blogs-uploads.s3.amazonaws.com\/blogs.dir\/5315\/files\/2025\/01\/Screenshot-2025-01-07-at-10.18.17%E2%80%AFAM-5.png?resize=300%2C199&amp;ssl=1 300w\" sizes=\"auto, (max-width: 580px) 100vw, 580px\" \/><\/figure><\/div>\n\n\n\n<p class=\"has-text-align-left\">Fomentar un apego seguro con su beb\u00e9 desempe\u00f1a un gran papel en el desarrollo de su beb\u00e9. Esta relaci\u00f3n de ida y vuelta crea confianza, y les ayuda a usted y a su beb\u00e9 a estar fuertemente conectados.\u00a0<\/p>\n\n\n\n<hr class=\"wp-block-separator has-alpha-channel-opacity\" \/>\n\n\n<div class=\"wp-block-image\">\n<figure class=\"alignleft size-full is-resized\"><img data-recalc-dims=\"1\" loading=\"lazy\" decoding=\"async\" width=\"512\" height=\"512\" src=\"https:\/\/i0.wp.com\/osu-wams-blogs-uploads.s3.amazonaws.com\/blogs.dir\/5315\/files\/2025\/01\/books-3-2.png?resize=512%2C512&#038;ssl=1\" alt=\"\" class=\"wp-image-623\" style=\"width:73px;height:auto\" srcset=\"https:\/\/i0.wp.com\/osu-wams-blogs-uploads.s3.amazonaws.com\/blogs.dir\/5315\/files\/2025\/01\/books-3-2.png?w=512&amp;ssl=1 512w, https:\/\/i0.wp.com\/osu-wams-blogs-uploads.s3.amazonaws.com\/blogs.dir\/5315\/files\/2025\/01\/books-3-2.png?resize=300%2C300&amp;ssl=1 300w, https:\/\/i0.wp.com\/osu-wams-blogs-uploads.s3.amazonaws.com\/blogs.dir\/5315\/files\/2025\/01\/books-3-2.png?resize=150%2C150&amp;ssl=1 150w\" sizes=\"auto, (max-width: 512px) 100vw, 512px\" \/><\/figure>\n<\/div>\n\n\n<h2 class=\"wp-block-heading has-text-align-left\">Rinc\u00f3n de lectura<\/h2>\n\n\n\n<div class=\"wp-block-media-text is-stacked-on-mobile\" style=\"grid-template-columns:32% auto\"><figure class=\"wp-block-media-text__media\"><img data-recalc-dims=\"1\" loading=\"lazy\" decoding=\"async\" width=\"580\" height=\"812\" src=\"https:\/\/i0.wp.com\/osu-wams-blogs-uploads.s3.amazonaws.com\/blogs.dir\/5315\/files\/2025\/03\/81kmlLJrN3L.jpg?resize=580%2C812&#038;ssl=1\" alt=\"Oso pardo, oso pardo, \u00bfqu\u00e9 ves ahi? Por Bill Martin Jr y Eric Carle\" class=\"wp-image-657 size-full\" srcset=\"https:\/\/i0.wp.com\/osu-wams-blogs-uploads.s3.amazonaws.com\/blogs.dir\/5315\/files\/2025\/03\/81kmlLJrN3L.jpg?resize=731%2C1024&amp;ssl=1 731w, https:\/\/i0.wp.com\/osu-wams-blogs-uploads.s3.amazonaws.com\/blogs.dir\/5315\/files\/2025\/03\/81kmlLJrN3L.jpg?resize=214%2C300&amp;ssl=1 214w, https:\/\/i0.wp.com\/osu-wams-blogs-uploads.s3.amazonaws.com\/blogs.dir\/5315\/files\/2025\/03\/81kmlLJrN3L.jpg?resize=768%2C1075&amp;ssl=1 768w, https:\/\/i0.wp.com\/osu-wams-blogs-uploads.s3.amazonaws.com\/blogs.dir\/5315\/files\/2025\/03\/81kmlLJrN3L.jpg?resize=1097%2C1536&amp;ssl=1 1097w, https:\/\/i0.wp.com\/osu-wams-blogs-uploads.s3.amazonaws.com\/blogs.dir\/5315\/files\/2025\/03\/81kmlLJrN3L.jpg?resize=1463%2C2048&amp;ssl=1 1463w, https:\/\/i0.wp.com\/osu-wams-blogs-uploads.s3.amazonaws.com\/blogs.dir\/5315\/files\/2025\/03\/81kmlLJrN3L.jpg?resize=1200%2C1680&amp;ssl=1 1200w, https:\/\/i0.wp.com\/osu-wams-blogs-uploads.s3.amazonaws.com\/blogs.dir\/5315\/files\/2025\/03\/81kmlLJrN3L.jpg?w=1500&amp;ssl=1 1500w\" sizes=\"auto, (max-width: 580px) 100vw, 580px\" \/><\/figure><div class=\"wp-block-media-text__content\">\n<p><a href=\"https:\/\/www.youtube.com\/watch?v=DmKl9on5Jfo\">Oso pardo, oso pardo, \u00bfqu\u00e9 ves ah\u00ed?<\/a><\/p>\n\n\n\n<p>Por Bill Martin Jr &amp; Eric Carle<\/p>\n<\/div><\/div>\n\n\n\n<div class=\"wp-block-media-text is-stacked-on-mobile\" style=\"grid-template-columns:32% auto\"><figure class=\"wp-block-media-text__media\"><img data-recalc-dims=\"1\" loading=\"lazy\" decoding=\"async\" width=\"225\" height=\"224\" src=\"https:\/\/i0.wp.com\/osu-wams-blogs-uploads.s3.amazonaws.com\/blogs.dir\/5315\/files\/2025\/03\/images.jpeg?resize=225%2C224&#038;ssl=1\" alt=\"Tras-tras por Mar Benegas\u00a0\u00a0y Mar\u00eda Reyes Guijarro\" class=\"wp-image-658 size-full\" srcset=\"https:\/\/i0.wp.com\/osu-wams-blogs-uploads.s3.amazonaws.com\/blogs.dir\/5315\/files\/2025\/03\/images.jpeg?w=225&amp;ssl=1 225w, https:\/\/i0.wp.com\/osu-wams-blogs-uploads.s3.amazonaws.com\/blogs.dir\/5315\/files\/2025\/03\/images.jpeg?resize=150%2C150&amp;ssl=1 150w\" sizes=\"auto, (max-width: 225px) 100vw, 225px\" \/><\/figure><div class=\"wp-block-media-text__content\">\n<p><a href=\"https:\/\/www.youtube.com\/watch?v=FCKZ1RTirYE\">Tras-tras<\/a><\/p>\n\n\n\n<p>Por Mar Benegas\u00a0\u00a0&amp; Mar\u00eda Reyes Guijarro<\/p>\n<\/div><\/div>\n\n\n\n<div class=\"wp-block-media-text is-stacked-on-mobile\" style=\"grid-template-columns:32% auto\"><figure class=\"wp-block-media-text__media\"><img data-recalc-dims=\"1\" loading=\"lazy\" decoding=\"async\" width=\"580\" height=\"580\" src=\"https:\/\/i0.wp.com\/osu-wams-blogs-uploads.s3.amazonaws.com\/blogs.dir\/5315\/files\/2025\/03\/81Zj2LMMSHL.jpg?resize=580%2C580&#038;ssl=1\" alt=\"Nosotros Means Us por Paloma Valdivia\" class=\"wp-image-659 size-full\" srcset=\"https:\/\/i0.wp.com\/osu-wams-blogs-uploads.s3.amazonaws.com\/blogs.dir\/5315\/files\/2025\/03\/81Zj2LMMSHL.jpg?resize=1024%2C1024&amp;ssl=1 1024w, https:\/\/i0.wp.com\/osu-wams-blogs-uploads.s3.amazonaws.com\/blogs.dir\/5315\/files\/2025\/03\/81Zj2LMMSHL.jpg?resize=300%2C300&amp;ssl=1 300w, https:\/\/i0.wp.com\/osu-wams-blogs-uploads.s3.amazonaws.com\/blogs.dir\/5315\/files\/2025\/03\/81Zj2LMMSHL.jpg?resize=150%2C150&amp;ssl=1 150w, https:\/\/i0.wp.com\/osu-wams-blogs-uploads.s3.amazonaws.com\/blogs.dir\/5315\/files\/2025\/03\/81Zj2LMMSHL.jpg?resize=768%2C768&amp;ssl=1 768w, https:\/\/i0.wp.com\/osu-wams-blogs-uploads.s3.amazonaws.com\/blogs.dir\/5315\/files\/2025\/03\/81Zj2LMMSHL.jpg?resize=1536%2C1536&amp;ssl=1 1536w, https:\/\/i0.wp.com\/osu-wams-blogs-uploads.s3.amazonaws.com\/blogs.dir\/5315\/files\/2025\/03\/81Zj2LMMSHL.jpg?resize=2048%2C2048&amp;ssl=1 2048w, https:\/\/i0.wp.com\/osu-wams-blogs-uploads.s3.amazonaws.com\/blogs.dir\/5315\/files\/2025\/03\/81Zj2LMMSHL.jpg?resize=1200%2C1200&amp;ssl=1 1200w, https:\/\/i0.wp.com\/osu-wams-blogs-uploads.s3.amazonaws.com\/blogs.dir\/5315\/files\/2025\/03\/81Zj2LMMSHL.jpg?resize=1980%2C1980&amp;ssl=1 1980w, https:\/\/i0.wp.com\/osu-wams-blogs-uploads.s3.amazonaws.com\/blogs.dir\/5315\/files\/2025\/03\/81Zj2LMMSHL.jpg?w=1740&amp;ssl=1 1740w\" sizes=\"auto, (max-width: 580px) 100vw, 580px\" \/><\/figure><div class=\"wp-block-media-text__content\">\n<p><a href=\"https:\/\/www.youtube.com\/watch?v=MR8yBpeWeuE\">Nosotros Means Us<\/a><\/p>\n\n\n\n<p>Por Paloma Valdivia<\/p>\n<\/div><\/div>\n\n\n\n<hr class=\"wp-block-separator has-alpha-channel-opacity\" \/>\n\n\n\n<h2 class=\"wp-block-heading has-text-align-center\">Referencia<\/h2>\n\n\n\n<p class=\"has-small-font-size\">Karaka\u015f NM, Da\u011fl\u0131 F\u015e. La importancia del apego en los beb\u00e9s y los factores intervinientes. Turk Pediatri Ars. 2019 Jul 11;54(2):76-81. doi: 10.14744\/TurkPediatriArs.2018.80269. PMID: 31384141; PMCID: PMC6666355.\u00a0<\/p>\n\n\n\n<hr class=\"wp-block-separator has-alpha-channel-opacity\" \/>\n\n\n\n<p class=\"has-text-align-center\">This Parenting Together newsletter was written by Jasmine Tua Karing.<\/p>\n\n\n\n<p class=\"has-text-align-center\">Parenting Together is a monthly newsletter from the Oregon Parenting Education Collaborative. It was first launched in 2015 as a research-based resource for parents. Parenting Together aims to support caregivers of children between the ages of zero and five. It is available each month in English and Spanish. To access Parenting Together newsletters posted prior to January 2025, visit <a href=\"https:\/\/health.oregonstate.edu\/opec\/families\/parenting-resources\/parentingtogether\">our archive<\/a>.<\/p>\n\n\n\n<p class=\"has-text-align-center\">Connect with the Oregon Parenting Education Collaborative elsewhere:<\/p>\n\n\n\n<ul class=\"wp-block-social-links aligncenter is-layout-flex wp-block-social-links-is-layout-flex\"><li class=\"wp-social-link wp-social-link-mail  wp-block-social-link\"><a href=\"mailto:o&#112;ec&#064;oregons&#116;at&#101;.&#101;du\" class=\"wp-block-social-link-anchor\"><svg width=\"24\" height=\"24\" viewBox=\"0 0 24 24\" version=\"1.1\" xmlns=\"http:\/\/www.w3.org\/2000\/svg\" aria-hidden=\"true\" focusable=\"false\"><path d=\"M19,5H5c-1.1,0-2,.9-2,2v10c0,1.1.9,2,2,2h14c1.1,0,2-.9,2-2V7c0-1.1-.9-2-2-2zm.5,12c0,.3-.2.5-.5.5H5c-.3,0-.5-.2-.5-.5V9.8l7.5,5.6,7.5-5.6V17zm0-9.1L12,13.6,4.5,7.9V7c0-.3.2-.5.5-.5h14c.3,0,.5.2.5.5v.9z\"><\/path><\/svg><span class=\"wp-block-social-link-label screen-reader-text\">Mail<\/span><\/a><\/li>\n\n<li class=\"wp-social-link wp-social-link-facebook  wp-block-social-link\"><a href=\"https:\/\/www.facebook.com\/OPECParentingEd\" class=\"wp-block-social-link-anchor\"><svg width=\"24\" height=\"24\" viewBox=\"0 0 24 24\" version=\"1.1\" xmlns=\"http:\/\/www.w3.org\/2000\/svg\" aria-hidden=\"true\" focusable=\"false\"><path d=\"M12 2C6.5 2 2 6.5 2 12c0 5 3.7 9.1 8.4 9.9v-7H7.9V12h2.5V9.8c0-2.5 1.5-3.9 3.8-3.9 1.1 0 2.2.2 2.2.2v2.5h-1.3c-1.2 0-1.6.8-1.6 1.6V12h2.8l-.4 2.9h-2.3v7C18.3 21.1 22 17 22 12c0-5.5-4.5-10-10-10z\"><\/path><\/svg><span class=\"wp-block-social-link-label screen-reader-text\">Facebook<\/span><\/a><\/li>\n\n<li class=\"wp-social-link wp-social-link-chain  wp-block-social-link\"><a href=\"https:\/\/health.oregonstate.edu\/opec\" class=\"wp-block-social-link-anchor\"><svg width=\"24\" height=\"24\" viewBox=\"0 0 24 24\" version=\"1.1\" xmlns=\"http:\/\/www.w3.org\/2000\/svg\" aria-hidden=\"true\" focusable=\"false\"><path d=\"M15.6,7.2H14v1.5h1.6c2,0,3.7,1.7,3.7,3.7s-1.7,3.7-3.7,3.7H14v1.5h1.6c2.8,0,5.2-2.3,5.2-5.2,0-2.9-2.3-5.2-5.2-5.2zM4.7,12.4c0-2,1.7-3.7,3.7-3.7H10V7.2H8.4c-2.9,0-5.2,2.3-5.2,5.2,0,2.9,2.3,5.2,5.2,5.2H10v-1.5H8.4c-2,0-3.7-1.7-3.7-3.7zm4.6.9h5.3v-1.5H9.3v1.5z\"><\/path><\/svg><span class=\"wp-block-social-link-label screen-reader-text\">Link<\/span><\/a><\/li><\/ul>\n\n\n\n<hr class=\"wp-block-separator has-alpha-channel-opacity\" \/>\n\n\n\n<p><\/p>\n","protected":false},"excerpt":{"rendered":"<p>Crear un fuerte v\u00ednculo afectivo con su beb\u00e9 durante los primeros meses de ser padres puede ser una experiencia maravillosa pero dif\u00edcil mientras se adapta a nuevas rutinas y responsabilidades. \u00a1Probablemente usted ya hace muchas cosas que ayudan a crear establecer una fuerte relaci\u00f3n! Esta conexi\u00f3n que est\u00e1 formando cumple un papel importante en su [&hellip;]<\/p>\n","protected":false},"author":14663,"featured_media":634,"comment_status":"closed","ping_status":"open","sticky":false,"template":"templates\/template-full-width.php","format":"standard","meta":{"_jetpack_newsletter_access":"","_jetpack_dont_email_post_to_subs":false,"_jetpack_newsletter_tier_id":0,"_jetpack_memberships_contains_paywalled_content":false,"_jetpack_memberships_contains_paid_content":false,"footnotes":""},"categories":[9],"tags":[138],"class_list":["post-656","post","type-post","status-publish","format-standard","has-post-thumbnail","hentry","category-espanol","tag-la-primera-infancia-0-5"],"yoast_head":"<!-- This site is optimized with the Yoast SEO plugin v27.4 - https:\/\/yoast.com\/product\/yoast-seo-wordpress\/ -->\n<title>Padres juntos: C\u00f3mo crear un v\u00ednculo afectivo con su beb\u00e9\u00a0 - Oregon Parenting Education Collaborative Blog<\/title>\n<meta name=\"description\" content=\"Al responder a las necesidades de su bebe, usted crea confianza, la cual le ayuda a sentirse seguro y comprendido.\" \/>\n<meta name=\"robots\" content=\"index, follow, max-snippet:-1, max-image-preview:large, max-video-preview:-1\" \/>\n<link rel=\"canonical\" href=\"https:\/\/blogs.oregonstate.edu\/opec\/padres-juntos-como-crear-un-vinculo-afectivo-con-su-bebe\/\" \/>\n<meta property=\"og:locale\" content=\"en_US\" \/>\n<meta property=\"og:type\" content=\"article\" \/>\n<meta property=\"og:title\" content=\"Padres juntos: C\u00f3mo crear un v\u00ednculo afectivo con su beb\u00e9\u00a0 - Oregon Parenting Education Collaborative Blog\" \/>\n<meta property=\"og:description\" content=\"Al responder a las necesidades de su bebe, usted crea confianza, la cual le ayuda a sentirse seguro y comprendido.\" \/>\n<meta property=\"og:url\" content=\"https:\/\/blogs.oregonstate.edu\/opec\/padres-juntos-como-crear-un-vinculo-afectivo-con-su-bebe\/\" \/>\n<meta property=\"og:site_name\" content=\"Oregon Parenting Education Collaborative Blog\" \/>\n<meta property=\"article:published_time\" content=\"2025-06-12T16:52:40+00:00\" \/>\n<meta property=\"article:modified_time\" content=\"2025-06-12T16:52:44+00:00\" \/>\n<meta property=\"og:image\" content=\"https:\/\/osu-wams-blogs-uploads.s3.amazonaws.com\/blogs.dir\/5315\/files\/2025\/01\/pexels-shvetsa-11369182-scaled.jpg\" \/>\n\t<meta property=\"og:image:width\" content=\"2560\" \/>\n\t<meta property=\"og:image:height\" content=\"1707\" \/>\n\t<meta property=\"og:image:type\" content=\"image\/jpeg\" \/>\n<meta name=\"author\" content=\"Haley Bosse\" \/>\n<meta name=\"twitter:card\" content=\"summary_large_image\" \/>\n<meta name=\"twitter:label1\" content=\"Written by\" \/>\n\t<meta name=\"twitter:data1\" content=\"Haley Bosse\" \/>\n\t<meta name=\"twitter:label2\" content=\"Est. reading time\" \/>\n\t<meta name=\"twitter:data2\" content=\"5 minutes\" \/>\n<script type=\"application\/ld+json\" class=\"yoast-schema-graph\">{\"@context\":\"https:\\\/\\\/schema.org\",\"@graph\":[{\"@type\":\"Article\",\"@id\":\"https:\\\/\\\/blogs.oregonstate.edu\\\/opec\\\/padres-juntos-como-crear-un-vinculo-afectivo-con-su-bebe\\\/#article\",\"isPartOf\":{\"@id\":\"https:\\\/\\\/blogs.oregonstate.edu\\\/opec\\\/padres-juntos-como-crear-un-vinculo-afectivo-con-su-bebe\\\/\"},\"author\":{\"name\":\"Haley Bosse\",\"@id\":\"https:\\\/\\\/blogs.oregonstate.edu\\\/opec\\\/#\\\/schema\\\/person\\\/b1f216897dbb21b0da664cecaffd5e65\"},\"headline\":\"Padres juntos: C\u00f3mo crear un v\u00ednculo afectivo con su beb\u00e9\u00a0\",\"datePublished\":\"2025-06-12T16:52:40+00:00\",\"dateModified\":\"2025-06-12T16:52:44+00:00\",\"mainEntityOfPage\":{\"@id\":\"https:\\\/\\\/blogs.oregonstate.edu\\\/opec\\\/padres-juntos-como-crear-un-vinculo-afectivo-con-su-bebe\\\/\"},\"wordCount\":621,\"publisher\":{\"@id\":\"https:\\\/\\\/blogs.oregonstate.edu\\\/opec\\\/#organization\"},\"image\":{\"@id\":\"https:\\\/\\\/blogs.oregonstate.edu\\\/opec\\\/padres-juntos-como-crear-un-vinculo-afectivo-con-su-bebe\\\/#primaryimage\"},\"thumbnailUrl\":\"https:\\\/\\\/i0.wp.com\\\/osu-wams-blogs-uploads.s3.amazonaws.com\\\/blogs.dir\\\/5315\\\/files\\\/2025\\\/01\\\/pexels-shvetsa-11369182-scaled.jpg?fit=2560%2C1707&ssl=1\",\"keywords\":[\"La primera infancia (0-5)\"],\"articleSection\":[\"Espa\u00f1ol\"],\"inLanguage\":\"en-US\"},{\"@type\":\"WebPage\",\"@id\":\"https:\\\/\\\/blogs.oregonstate.edu\\\/opec\\\/padres-juntos-como-crear-un-vinculo-afectivo-con-su-bebe\\\/\",\"url\":\"https:\\\/\\\/blogs.oregonstate.edu\\\/opec\\\/padres-juntos-como-crear-un-vinculo-afectivo-con-su-bebe\\\/\",\"name\":\"Padres juntos: C\u00f3mo crear un v\u00ednculo afectivo con su beb\u00e9\u00a0 - Oregon Parenting Education Collaborative Blog\",\"isPartOf\":{\"@id\":\"https:\\\/\\\/blogs.oregonstate.edu\\\/opec\\\/#website\"},\"primaryImageOfPage\":{\"@id\":\"https:\\\/\\\/blogs.oregonstate.edu\\\/opec\\\/padres-juntos-como-crear-un-vinculo-afectivo-con-su-bebe\\\/#primaryimage\"},\"image\":{\"@id\":\"https:\\\/\\\/blogs.oregonstate.edu\\\/opec\\\/padres-juntos-como-crear-un-vinculo-afectivo-con-su-bebe\\\/#primaryimage\"},\"thumbnailUrl\":\"https:\\\/\\\/i0.wp.com\\\/osu-wams-blogs-uploads.s3.amazonaws.com\\\/blogs.dir\\\/5315\\\/files\\\/2025\\\/01\\\/pexels-shvetsa-11369182-scaled.jpg?fit=2560%2C1707&ssl=1\",\"datePublished\":\"2025-06-12T16:52:40+00:00\",\"dateModified\":\"2025-06-12T16:52:44+00:00\",\"description\":\"Al responder a las necesidades de su bebe, usted crea confianza, la cual le ayuda a sentirse seguro y comprendido.\",\"breadcrumb\":{\"@id\":\"https:\\\/\\\/blogs.oregonstate.edu\\\/opec\\\/padres-juntos-como-crear-un-vinculo-afectivo-con-su-bebe\\\/#breadcrumb\"},\"inLanguage\":\"en-US\",\"potentialAction\":[{\"@type\":\"ReadAction\",\"target\":[\"https:\\\/\\\/blogs.oregonstate.edu\\\/opec\\\/padres-juntos-como-crear-un-vinculo-afectivo-con-su-bebe\\\/\"]}]},{\"@type\":\"ImageObject\",\"inLanguage\":\"en-US\",\"@id\":\"https:\\\/\\\/blogs.oregonstate.edu\\\/opec\\\/padres-juntos-como-crear-un-vinculo-afectivo-con-su-bebe\\\/#primaryimage\",\"url\":\"https:\\\/\\\/i0.wp.com\\\/osu-wams-blogs-uploads.s3.amazonaws.com\\\/blogs.dir\\\/5315\\\/files\\\/2025\\\/01\\\/pexels-shvetsa-11369182-scaled.jpg?fit=2560%2C1707&ssl=1\",\"contentUrl\":\"https:\\\/\\\/i0.wp.com\\\/osu-wams-blogs-uploads.s3.amazonaws.com\\\/blogs.dir\\\/5315\\\/files\\\/2025\\\/01\\\/pexels-shvetsa-11369182-scaled.jpg?fit=2560%2C1707&ssl=1\",\"width\":2560,\"height\":1707,\"caption\":\"Two parents smile at a young baby\"},{\"@type\":\"BreadcrumbList\",\"@id\":\"https:\\\/\\\/blogs.oregonstate.edu\\\/opec\\\/padres-juntos-como-crear-un-vinculo-afectivo-con-su-bebe\\\/#breadcrumb\",\"itemListElement\":[{\"@type\":\"ListItem\",\"position\":1,\"name\":\"Home\",\"item\":\"https:\\\/\\\/blogs.oregonstate.edu\\\/opec\\\/\"},{\"@type\":\"ListItem\",\"position\":2,\"name\":\"Padres juntos: C\u00f3mo crear un v\u00ednculo afectivo con su beb\u00e9\u00a0\"}]},{\"@type\":\"WebSite\",\"@id\":\"https:\\\/\\\/blogs.oregonstate.edu\\\/opec\\\/#website\",\"url\":\"https:\\\/\\\/blogs.oregonstate.edu\\\/opec\\\/\",\"name\":\"Oregon Parenting Education Collaborative Blog\",\"description\":\"\",\"publisher\":{\"@id\":\"https:\\\/\\\/blogs.oregonstate.edu\\\/opec\\\/#organization\"},\"potentialAction\":[{\"@type\":\"SearchAction\",\"target\":{\"@type\":\"EntryPoint\",\"urlTemplate\":\"https:\\\/\\\/blogs.oregonstate.edu\\\/opec\\\/?s={search_term_string}\"},\"query-input\":{\"@type\":\"PropertyValueSpecification\",\"valueRequired\":true,\"valueName\":\"search_term_string\"}}],\"inLanguage\":\"en-US\"},{\"@type\":\"Organization\",\"@id\":\"https:\\\/\\\/blogs.oregonstate.edu\\\/opec\\\/#organization\",\"name\":\"Oregon Parenting Education Collaborative\",\"alternateName\":\"OPEC\",\"url\":\"https:\\\/\\\/blogs.oregonstate.edu\\\/opec\\\/\",\"logo\":{\"@type\":\"ImageObject\",\"inLanguage\":\"en-US\",\"@id\":\"https:\\\/\\\/blogs.oregonstate.edu\\\/opec\\\/#\\\/schema\\\/logo\\\/image\\\/\",\"url\":\"https:\\\/\\\/i0.wp.com\\\/osu-wams-blogs-uploads.s3.amazonaws.com\\\/blogs.dir\\\/5315\\\/files\\\/2022\\\/02\\\/OPECHorizBW.jpg?fit=838%2C332&ssl=1\",\"contentUrl\":\"https:\\\/\\\/i0.wp.com\\\/osu-wams-blogs-uploads.s3.amazonaws.com\\\/blogs.dir\\\/5315\\\/files\\\/2022\\\/02\\\/OPECHorizBW.jpg?fit=838%2C332&ssl=1\",\"width\":838,\"height\":332,\"caption\":\"Oregon Parenting Education Collaborative\"},\"image\":{\"@id\":\"https:\\\/\\\/blogs.oregonstate.edu\\\/opec\\\/#\\\/schema\\\/logo\\\/image\\\/\"}},{\"@type\":\"Person\",\"@id\":\"https:\\\/\\\/blogs.oregonstate.edu\\\/opec\\\/#\\\/schema\\\/person\\\/b1f216897dbb21b0da664cecaffd5e65\",\"name\":\"Haley Bosse\",\"url\":\"https:\\\/\\\/blogs.oregonstate.edu\\\/opec\\\/author\\\/bosshal\\\/\"}]}<\/script>\n<!-- \/ Yoast SEO plugin. -->","yoast_head_json":{"title":"Padres juntos: C\u00f3mo crear un v\u00ednculo afectivo con su beb\u00e9\u00a0 - Oregon Parenting Education Collaborative Blog","description":"Al responder a las necesidades de su bebe, usted crea confianza, la cual le ayuda a sentirse seguro y comprendido.","robots":{"index":"index","follow":"follow","max-snippet":"max-snippet:-1","max-image-preview":"max-image-preview:large","max-video-preview":"max-video-preview:-1"},"canonical":"https:\/\/blogs.oregonstate.edu\/opec\/padres-juntos-como-crear-un-vinculo-afectivo-con-su-bebe\/","og_locale":"en_US","og_type":"article","og_title":"Padres juntos: C\u00f3mo crear un v\u00ednculo afectivo con su beb\u00e9\u00a0 - Oregon Parenting Education Collaborative Blog","og_description":"Al responder a las necesidades de su bebe, usted crea confianza, la cual le ayuda a sentirse seguro y comprendido.","og_url":"https:\/\/blogs.oregonstate.edu\/opec\/padres-juntos-como-crear-un-vinculo-afectivo-con-su-bebe\/","og_site_name":"Oregon Parenting Education Collaborative Blog","article_published_time":"2025-06-12T16:52:40+00:00","article_modified_time":"2025-06-12T16:52:44+00:00","og_image":[{"width":2560,"height":1707,"url":"https:\/\/osu-wams-blogs-uploads.s3.amazonaws.com\/blogs.dir\/5315\/files\/2025\/01\/pexels-shvetsa-11369182-scaled.jpg","type":"image\/jpeg"}],"author":"Haley Bosse","twitter_card":"summary_large_image","twitter_misc":{"Written by":"Haley Bosse","Est. reading time":"5 minutes"},"schema":{"@context":"https:\/\/schema.org","@graph":[{"@type":"Article","@id":"https:\/\/blogs.oregonstate.edu\/opec\/padres-juntos-como-crear-un-vinculo-afectivo-con-su-bebe\/#article","isPartOf":{"@id":"https:\/\/blogs.oregonstate.edu\/opec\/padres-juntos-como-crear-un-vinculo-afectivo-con-su-bebe\/"},"author":{"name":"Haley Bosse","@id":"https:\/\/blogs.oregonstate.edu\/opec\/#\/schema\/person\/b1f216897dbb21b0da664cecaffd5e65"},"headline":"Padres juntos: C\u00f3mo crear un v\u00ednculo afectivo con su beb\u00e9\u00a0","datePublished":"2025-06-12T16:52:40+00:00","dateModified":"2025-06-12T16:52:44+00:00","mainEntityOfPage":{"@id":"https:\/\/blogs.oregonstate.edu\/opec\/padres-juntos-como-crear-un-vinculo-afectivo-con-su-bebe\/"},"wordCount":621,"publisher":{"@id":"https:\/\/blogs.oregonstate.edu\/opec\/#organization"},"image":{"@id":"https:\/\/blogs.oregonstate.edu\/opec\/padres-juntos-como-crear-un-vinculo-afectivo-con-su-bebe\/#primaryimage"},"thumbnailUrl":"https:\/\/i0.wp.com\/osu-wams-blogs-uploads.s3.amazonaws.com\/blogs.dir\/5315\/files\/2025\/01\/pexels-shvetsa-11369182-scaled.jpg?fit=2560%2C1707&ssl=1","keywords":["La primera infancia (0-5)"],"articleSection":["Espa\u00f1ol"],"inLanguage":"en-US"},{"@type":"WebPage","@id":"https:\/\/blogs.oregonstate.edu\/opec\/padres-juntos-como-crear-un-vinculo-afectivo-con-su-bebe\/","url":"https:\/\/blogs.oregonstate.edu\/opec\/padres-juntos-como-crear-un-vinculo-afectivo-con-su-bebe\/","name":"Padres juntos: C\u00f3mo crear un v\u00ednculo afectivo con su beb\u00e9\u00a0 - Oregon Parenting Education Collaborative Blog","isPartOf":{"@id":"https:\/\/blogs.oregonstate.edu\/opec\/#website"},"primaryImageOfPage":{"@id":"https:\/\/blogs.oregonstate.edu\/opec\/padres-juntos-como-crear-un-vinculo-afectivo-con-su-bebe\/#primaryimage"},"image":{"@id":"https:\/\/blogs.oregonstate.edu\/opec\/padres-juntos-como-crear-un-vinculo-afectivo-con-su-bebe\/#primaryimage"},"thumbnailUrl":"https:\/\/i0.wp.com\/osu-wams-blogs-uploads.s3.amazonaws.com\/blogs.dir\/5315\/files\/2025\/01\/pexels-shvetsa-11369182-scaled.jpg?fit=2560%2C1707&ssl=1","datePublished":"2025-06-12T16:52:40+00:00","dateModified":"2025-06-12T16:52:44+00:00","description":"Al responder a las necesidades de su bebe, usted crea confianza, la cual le ayuda a sentirse seguro y comprendido.","breadcrumb":{"@id":"https:\/\/blogs.oregonstate.edu\/opec\/padres-juntos-como-crear-un-vinculo-afectivo-con-su-bebe\/#breadcrumb"},"inLanguage":"en-US","potentialAction":[{"@type":"ReadAction","target":["https:\/\/blogs.oregonstate.edu\/opec\/padres-juntos-como-crear-un-vinculo-afectivo-con-su-bebe\/"]}]},{"@type":"ImageObject","inLanguage":"en-US","@id":"https:\/\/blogs.oregonstate.edu\/opec\/padres-juntos-como-crear-un-vinculo-afectivo-con-su-bebe\/#primaryimage","url":"https:\/\/i0.wp.com\/osu-wams-blogs-uploads.s3.amazonaws.com\/blogs.dir\/5315\/files\/2025\/01\/pexels-shvetsa-11369182-scaled.jpg?fit=2560%2C1707&ssl=1","contentUrl":"https:\/\/i0.wp.com\/osu-wams-blogs-uploads.s3.amazonaws.com\/blogs.dir\/5315\/files\/2025\/01\/pexels-shvetsa-11369182-scaled.jpg?fit=2560%2C1707&ssl=1","width":2560,"height":1707,"caption":"Two parents smile at a young baby"},{"@type":"BreadcrumbList","@id":"https:\/\/blogs.oregonstate.edu\/opec\/padres-juntos-como-crear-un-vinculo-afectivo-con-su-bebe\/#breadcrumb","itemListElement":[{"@type":"ListItem","position":1,"name":"Home","item":"https:\/\/blogs.oregonstate.edu\/opec\/"},{"@type":"ListItem","position":2,"name":"Padres juntos: C\u00f3mo crear un v\u00ednculo afectivo con su beb\u00e9\u00a0"}]},{"@type":"WebSite","@id":"https:\/\/blogs.oregonstate.edu\/opec\/#website","url":"https:\/\/blogs.oregonstate.edu\/opec\/","name":"Oregon Parenting Education Collaborative Blog","description":"","publisher":{"@id":"https:\/\/blogs.oregonstate.edu\/opec\/#organization"},"potentialAction":[{"@type":"SearchAction","target":{"@type":"EntryPoint","urlTemplate":"https:\/\/blogs.oregonstate.edu\/opec\/?s={search_term_string}"},"query-input":{"@type":"PropertyValueSpecification","valueRequired":true,"valueName":"search_term_string"}}],"inLanguage":"en-US"},{"@type":"Organization","@id":"https:\/\/blogs.oregonstate.edu\/opec\/#organization","name":"Oregon Parenting Education Collaborative","alternateName":"OPEC","url":"https:\/\/blogs.oregonstate.edu\/opec\/","logo":{"@type":"ImageObject","inLanguage":"en-US","@id":"https:\/\/blogs.oregonstate.edu\/opec\/#\/schema\/logo\/image\/","url":"https:\/\/i0.wp.com\/osu-wams-blogs-uploads.s3.amazonaws.com\/blogs.dir\/5315\/files\/2022\/02\/OPECHorizBW.jpg?fit=838%2C332&ssl=1","contentUrl":"https:\/\/i0.wp.com\/osu-wams-blogs-uploads.s3.amazonaws.com\/blogs.dir\/5315\/files\/2022\/02\/OPECHorizBW.jpg?fit=838%2C332&ssl=1","width":838,"height":332,"caption":"Oregon Parenting Education Collaborative"},"image":{"@id":"https:\/\/blogs.oregonstate.edu\/opec\/#\/schema\/logo\/image\/"}},{"@type":"Person","@id":"https:\/\/blogs.oregonstate.edu\/opec\/#\/schema\/person\/b1f216897dbb21b0da664cecaffd5e65","name":"Haley Bosse","url":"https:\/\/blogs.oregonstate.edu\/opec\/author\/bosshal\/"}]}},"jetpack_featured_media_url":"https:\/\/i0.wp.com\/osu-wams-blogs-uploads.s3.amazonaws.com\/blogs.dir\/5315\/files\/2025\/01\/pexels-shvetsa-11369182-scaled.jpg?fit=2560%2C1707&ssl=1","jetpack_sharing_enabled":true,"_links":{"self":[{"href":"https:\/\/blogs.oregonstate.edu\/opec\/wp-json\/wp\/v2\/posts\/656","targetHints":{"allow":["GET"]}}],"collection":[{"href":"https:\/\/blogs.oregonstate.edu\/opec\/wp-json\/wp\/v2\/posts"}],"about":[{"href":"https:\/\/blogs.oregonstate.edu\/opec\/wp-json\/wp\/v2\/types\/post"}],"author":[{"embeddable":true,"href":"https:\/\/blogs.oregonstate.edu\/opec\/wp-json\/wp\/v2\/users\/14663"}],"replies":[{"embeddable":true,"href":"https:\/\/blogs.oregonstate.edu\/opec\/wp-json\/wp\/v2\/comments?post=656"}],"version-history":[{"count":1,"href":"https:\/\/blogs.oregonstate.edu\/opec\/wp-json\/wp\/v2\/posts\/656\/revisions"}],"predecessor-version":[{"id":660,"href":"https:\/\/blogs.oregonstate.edu\/opec\/wp-json\/wp\/v2\/posts\/656\/revisions\/660"}],"wp:featuredmedia":[{"embeddable":true,"href":"https:\/\/blogs.oregonstate.edu\/opec\/wp-json\/wp\/v2\/media\/634"}],"wp:attachment":[{"href":"https:\/\/blogs.oregonstate.edu\/opec\/wp-json\/wp\/v2\/media?parent=656"}],"wp:term":[{"taxonomy":"category","embeddable":true,"href":"https:\/\/blogs.oregonstate.edu\/opec\/wp-json\/wp\/v2\/categories?post=656"},{"taxonomy":"post_tag","embeddable":true,"href":"https:\/\/blogs.oregonstate.edu\/opec\/wp-json\/wp\/v2\/tags?post=656"}],"curies":[{"name":"wp","href":"https:\/\/api.w.org\/{rel}","templated":true}]}}