{"id":472,"date":"2025-11-13T09:59:12","date_gmt":"2025-11-13T17:59:12","guid":{"rendered":"https:\/\/blogs.oregonstate.edu\/opec\/?p=472"},"modified":"2025-11-13T10:06:37","modified_gmt":"2025-11-13T18:06:37","slug":"conozca-y-celebre-el-mes-de-la-herencia-de-los-nativos-americanos","status":"publish","type":"post","link":"https:\/\/blogs.oregonstate.edu\/opec\/conozca-y-celebre-el-mes-de-la-herencia-de-los-nativos-americanos\/","title":{"rendered":"Conozca y celebre el Mes de la Herencia de los Nativos Americanos"},"content":{"rendered":"\n<div class=\"wp-block-buttons is-content-justification-center is-layout-flex wp-container-core-buttons-is-layout-16018d1d wp-block-buttons-is-layout-flex\">\n<div class=\"wp-block-button is-style-fill\"><a class=\"wp-block-button__link has-beaver-orange-background-color has-background wp-element-button\" href=\"https:\/\/blogs.oregonstate.edu\/opec\/learn-about-and-celebrate-native-american-heritage-month\/\">English<\/a><\/div>\n<\/div>\n\n\n\n<p>Este mes es un momento para celebrar las ricas y diversas culturas, tradiciones e historias y para reconocer las importantes contribuciones de los pueblos ind\u00edgenas. <\/p>\n\n\n\n<p>Tambi\u00e9n es hora de educarnos a nosotros mismos y a nuestros hijos sobre las tribus, para crear una conciencia general sobre los desaf\u00edos \u00fanicos que los pueblos ind\u00edgenas han enfrentado tanto hist\u00f3ricamente como en el presente, y las formas en que los ciudadanos tribales han trabajado para superar estos desaf\u00edos.<\/p>\n\n\n\n<h2 class=\"wp-block-heading\">Maneras de celebrar con los ni\u00f1os<\/h2>\n\n\n\n<p>Educarse a s\u00ed mismo y a sus hijos a trav\u00e9s de la lectura y la conversaci\u00f3n es siempre un buen punto de partida, pero a continuaci\u00f3n se presentan algunas formas divertidas e interactivas en las que tambi\u00e9n puede celebrar el Mes de la Herencia Nativa Americana.<\/p>\n\n\n\n<h2 class=\"wp-block-heading\">Explore su regi\u00f3n<\/h2>\n\n\n\n<p>No importa d\u00f3nde viva en los EE. UU., Los pueblos ind\u00edgenas vivieron en esa tierra antes que usted. Hay casi 600 tribus reconocidas a nivel federal en los EE. UU. Aprender sobre su historia local puede ser una forma significativa de conectarse con la historia y los eventos actuales de su \u00e1rea. <\/p>\n\n\n\n<p>\u00a1Visite <a href=\"https:\/\/native-land.ca\">https:\/\/native-land.ca<\/a> para obtener un mapa interactivo! Escriba su direcci\u00f3n y el programa identificar\u00e1 qu\u00e9 tribu (s) han vivido y pueden seguir viviendo en su \u00e1rea. Tambi\u00e9n puede buscar en Internet y \/ o visitar bibliotecas y museos locales para aprender m\u00e1s sobre la gente de estas tribus.<\/p>\n\n\n\n<h2 class=\"wp-block-heading\">Con\u00e9ctese con organizaciones locales y estales para aprender m\u00e1s sobre las tradiciones culturales de los nativos americanos <\/h2>\n\n\n\n<p>\u00bfSab\u00edas que hay nueve tribus nativas americanas reconocidas por el gobierno federal en Oregon? Las tribus de Oregon incluyen: Burns Paiute del condado de Harney; Tribus Confederadas de Indios Coos, Bajo Umpqua y Siuslaw; Tribus Confederadas de Grand Ronde; Tribus Confederadas de Siletz; Reserva de las Tribus Confederadas de Umatilla; Tribus Confederadas de Warm Springs; La banda de indios Umpqua de Cow Creek; Tribu ind\u00edgena Coquille; y tribus Klamath. <\/p>\n\n\n\n<p>Cada tribu tiene su propia herencia cultural y tradiciones que contin\u00faan hoy. Con\u00e9ctese con organizaciones en su comunidad y virtualmente en todo el estado para que usted y su hijo puedan aprender sobre las ricas historias y tradiciones culturales de cada uno.<\/p>\n\n\n\n<p>Para obtener m\u00e1s informaci\u00f3n, visite: <a href=\"https:\/\/www.bia.gov\/\"><\/a><a href=\"https:\/\/www.indianaffairs.gov\">https:\/\/www.bia.gov\/<\/a><\/p>\n\n\n\n<hr class=\"wp-block-separator has-alpha-channel-opacity\" \/>\n\n\n\n<h2 class=\"wp-block-heading\">Recursos<\/h2>\n\n\n\n<p><a href=\"https:\/\/usdac.us\/nativeland\/\">Honrar la tierra natal: una gu\u00eda y un llamamiento al reconocimiento<\/a> por parte del Departamento de Arte y Cultura de los Estados Unidos (disponible en ingl\u00e9s)<\/p>\n\n\n\n<p><a href=\"http:\/\/Overview of the Nine Federally Recognized Tribes in Oregon\">Descripci\u00f3n general de las nueve tribus reconocidas a nivel federal en Oreg\u00f3n <\/a>por el Departamento de Servicios Humanos de Oreg\u00f3n (disponible en ingl\u00e9s)<\/p>\n\n\n\n<p><a href=\"https:\/\/www.nicwa.org\/trainings\/\">The National Indian Child Welfare Association<\/a>. Situada en Portland, Oreg\u00f3n, esta organizaci\u00f3n ofrece formaci\u00f3n en &#8220;Positive Indian Parenting&#8221;, bienestar infantil tribal y mucho m\u00e1s. (disponible en ingl\u00e9s)<\/p>\n\n\n\n<p><a href=\"https:\/\/americanindian.si.edu\/nk360\/lessons-resources\/featured\">Lista de recursos de conocimiento ind\u00edgena en espa\u00f1ol<\/a>, por el proyecto Native Knowledge 360 del Museo Nacional del Ind\u00edgena Americano.<\/p>\n\n\n\n<h2 class=\"wp-block-heading\">Libros para ni\u00f1es<\/h2>\n\n\n\n<figure class=\"wp-block-image size-full\"><img data-recalc-dims=\"1\" loading=\"lazy\" decoding=\"async\" width=\"580\" height=\"494\" src=\"https:\/\/i0.wp.com\/osu-wams-blogs-uploads.s3.amazonaws.com\/blogs.dir\/5315\/files\/2024\/11\/NA-Heritage-Month-Post.png?resize=580%2C494&#038;ssl=1\" alt=\"Happy Native American Heritage Month!\" class=\"wp-image-747\" srcset=\"https:\/\/i0.wp.com\/osu-wams-blogs-uploads.s3.amazonaws.com\/blogs.dir\/5315\/files\/2024\/11\/NA-Heritage-Month-Post.png?w=940&amp;ssl=1 940w, https:\/\/i0.wp.com\/osu-wams-blogs-uploads.s3.amazonaws.com\/blogs.dir\/5315\/files\/2024\/11\/NA-Heritage-Month-Post.png?resize=300%2C255&amp;ssl=1 300w, https:\/\/i0.wp.com\/osu-wams-blogs-uploads.s3.amazonaws.com\/blogs.dir\/5315\/files\/2024\/11\/NA-Heritage-Month-Post.png?resize=768%2C654&amp;ssl=1 768w\" sizes=\"auto, (max-width: 580px) 100vw, 580px\" \/><\/figure>\n\n\n\n<p><em>Who Am I?<\/em> de Julie Buchholt, ilustrado por Aliya Ghare<\/p>\n\n\n\n<p><em>This Land: The History of the Land We\u2019re On<\/em> de Ashley Fairbanks, ilustrado por Bridget George<\/p>\n\n\n\n<p><em>Remember<\/em> de Joy Harjo, ilustrado por Michaela Goade<\/p>\n\n\n\n<p><em>Be A Good Ancestor<\/em> de Leona Prince y Gabrielle Prince, ilustrado por Carla Joseph<\/p>\n\n\n\n<p><em>Finding My Dance<\/em> de Ria Thundercloud, ilustrado por Kalila J. Fuller<\/p>\n\n\n\n<p><em>\u200b\u200bBeing Home<\/em> de Traci Sorrell, ilustrado por Michaela Goade<\/p>\n\n\n\n<p><em>We Are Water Protectors\/Somos guardianes del agua<\/em> de Carole Lindstrome, ilustrado por Michaela Goade<\/p>\n\n\n\n<p><a href=\"https:\/\/www.amazon.com\/gp\/product\/0892393742\/ref=as_li_tf_il?ie=UTF8&amp;tag=boorio-20&amp;linkCode=as2&amp;camp=217145&amp;creative=399349&amp;creativeASIN=0892393742\" target=\"_blank\" rel=\"noreferrer noopener\"><em>Rainbow Weaver\/Tejedora del Arcoiris<\/em><\/a>&nbsp;de Linda Elovitz Marshall y Elisa Chavarri<\/p>\n\n\n\n<p><a href=\"https:\/\/www.amazon.com\/gp\/product\/1092771670\/ref=as_li_tf_il?ie=UTF8&amp;tag=rnmgdeals-20&amp;linkCode=as2&amp;camp=217145&amp;creative=399349&amp;creativeASIN=1092771670\" target=\"_blank\" rel=\"noreferrer noopener\"><em>El Areyto de la Pluma<\/em>&nbsp;<\/a>de Tere Marichal-Lugo<\/p>\n\n\n\n<hr class=\"wp-block-separator has-alpha-channel-opacity\" \/>\n\n\n\n<p><em>\u00a1Lea y obtenga m\u00e1s informaci\u00f3n sobre&nbsp;<\/em><a href=\"http:\/\/www.health.oregonstate.edu\/opec\"><em>Oregon Parenting Education Collaborative<\/em><\/a>&nbsp;<a href=\"https:\/\/blogs.oregonstate.edu\/opec\/\"><em>en nuestro blog<\/em><\/a>.<\/p>\n\n\n\n<div class=\"wp-block-buttons is-content-justification-center is-layout-flex wp-container-core-buttons-is-layout-16018d1d wp-block-buttons-is-layout-flex\">\n<div class=\"wp-block-button\"><a class=\"wp-block-button__link wp-element-button\">Lee Todas Notas en Espa\u00f1ol<\/a><\/div>\n<\/div>\n","protected":false},"excerpt":{"rendered":"<p>Este mes es un momento para celebrar las ricas y diversas culturas, tradiciones e historias y para reconocer las importantes contribuciones de los pueblos ind\u00edgenas. Tambi\u00e9n es hora de educarnos a nosotros mismos y a nuestros hijos sobre las tribus, para crear una conciencia general sobre los desaf\u00edos \u00fanicos que los pueblos ind\u00edgenas han enfrentado [&hellip;]<\/p>\n","protected":false},"author":14663,"featured_media":0,"comment_status":"closed","ping_status":"open","sticky":false,"template":"templates\/template-full-width.php","format":"standard","meta":{"_jetpack_newsletter_access":"","_jetpack_dont_email_post_to_subs":false,"_jetpack_newsletter_tier_id":0,"_jetpack_memberships_contains_paywalled_content":false,"_jetpack_memberships_contains_paid_content":false,"footnotes":""},"categories":[9],"tags":[77,79],"class_list":["post-472","post","type-post","status-publish","format-standard","hentry","category-espanol","tag-cultura","tag-herencia"],"yoast_head":"<!-- This site is optimized with the Yoast SEO plugin v27.4 - https:\/\/yoast.com\/product\/yoast-seo-wordpress\/ -->\n<title>Conozca y celebre el Mes de la Herencia de los Nativos Americanos - Oregon Parenting Education Collaborative Blog<\/title>\n<meta name=\"description\" content=\"Este mes es un momento para celebrar las ricas y diversas culturas, tradiciones e historias y para reconocer las importantes contribuciones de los pueblos ind\u00edgenas.\" \/>\n<meta name=\"robots\" content=\"index, follow, max-snippet:-1, max-image-preview:large, max-video-preview:-1\" \/>\n<link rel=\"canonical\" href=\"https:\/\/blogs.oregonstate.edu\/opec\/conozca-y-celebre-el-mes-de-la-herencia-de-los-nativos-americanos\/\" \/>\n<meta property=\"og:locale\" content=\"en_US\" \/>\n<meta property=\"og:type\" content=\"article\" \/>\n<meta property=\"og:title\" content=\"Conozca y celebre el Mes de la Herencia de los Nativos Americanos - Oregon Parenting Education Collaborative Blog\" \/>\n<meta property=\"og:description\" content=\"Este mes es un momento para celebrar las ricas y diversas culturas, tradiciones e historias y para reconocer las importantes contribuciones de los pueblos ind\u00edgenas.\" \/>\n<meta property=\"og:url\" content=\"https:\/\/blogs.oregonstate.edu\/opec\/conozca-y-celebre-el-mes-de-la-herencia-de-los-nativos-americanos\/\" \/>\n<meta property=\"og:site_name\" content=\"Oregon Parenting Education Collaborative Blog\" \/>\n<meta property=\"article:published_time\" content=\"2025-11-13T17:59:12+00:00\" \/>\n<meta property=\"article:modified_time\" content=\"2025-11-13T18:06:37+00:00\" \/>\n<meta property=\"og:image\" content=\"https:\/\/i0.wp.com\/osu-wams-blogs-uploads.s3.amazonaws.com\/blogs.dir\/5315\/files\/2024\/11\/NA-Heritage-Month-Post.png?fit=940%2C800&ssl=1\" \/>\n\t<meta property=\"og:image:width\" content=\"940\" \/>\n\t<meta property=\"og:image:height\" content=\"800\" \/>\n\t<meta property=\"og:image:type\" content=\"image\/png\" \/>\n<meta name=\"author\" content=\"Haley Bosse\" \/>\n<meta name=\"twitter:card\" content=\"summary_large_image\" \/>\n<meta name=\"twitter:label1\" content=\"Written by\" \/>\n\t<meta name=\"twitter:data1\" content=\"Haley Bosse\" \/>\n\t<meta name=\"twitter:label2\" content=\"Est. reading time\" \/>\n\t<meta name=\"twitter:data2\" content=\"3 minutes\" \/>\n<script type=\"application\/ld+json\" class=\"yoast-schema-graph\">{\"@context\":\"https:\\\/\\\/schema.org\",\"@graph\":[{\"@type\":\"Article\",\"@id\":\"https:\\\/\\\/blogs.oregonstate.edu\\\/opec\\\/conozca-y-celebre-el-mes-de-la-herencia-de-los-nativos-americanos\\\/#article\",\"isPartOf\":{\"@id\":\"https:\\\/\\\/blogs.oregonstate.edu\\\/opec\\\/conozca-y-celebre-el-mes-de-la-herencia-de-los-nativos-americanos\\\/\"},\"author\":{\"name\":\"Haley Bosse\",\"@id\":\"https:\\\/\\\/blogs.oregonstate.edu\\\/opec\\\/#\\\/schema\\\/person\\\/b1f216897dbb21b0da664cecaffd5e65\"},\"headline\":\"Conozca y celebre el Mes de la Herencia de los Nativos Americanos\",\"datePublished\":\"2025-11-13T17:59:12+00:00\",\"dateModified\":\"2025-11-13T18:06:37+00:00\",\"mainEntityOfPage\":{\"@id\":\"https:\\\/\\\/blogs.oregonstate.edu\\\/opec\\\/conozca-y-celebre-el-mes-de-la-herencia-de-los-nativos-americanos\\\/\"},\"wordCount\":648,\"publisher\":{\"@id\":\"https:\\\/\\\/blogs.oregonstate.edu\\\/opec\\\/#organization\"},\"image\":{\"@id\":\"https:\\\/\\\/blogs.oregonstate.edu\\\/opec\\\/conozca-y-celebre-el-mes-de-la-herencia-de-los-nativos-americanos\\\/#primaryimage\"},\"thumbnailUrl\":\"https:\\\/\\\/osu-wams-blogs-uploads.s3.amazonaws.com\\\/blogs.dir\\\/5315\\\/files\\\/2024\\\/11\\\/NA-Heritage-Month-Post.png\",\"keywords\":[\"cultura\",\"herencia\"],\"articleSection\":[\"Espa\u00f1ol\"],\"inLanguage\":\"en-US\"},{\"@type\":\"WebPage\",\"@id\":\"https:\\\/\\\/blogs.oregonstate.edu\\\/opec\\\/conozca-y-celebre-el-mes-de-la-herencia-de-los-nativos-americanos\\\/\",\"url\":\"https:\\\/\\\/blogs.oregonstate.edu\\\/opec\\\/conozca-y-celebre-el-mes-de-la-herencia-de-los-nativos-americanos\\\/\",\"name\":\"Conozca y celebre el Mes de la Herencia de los Nativos Americanos - Oregon Parenting Education Collaborative Blog\",\"isPartOf\":{\"@id\":\"https:\\\/\\\/blogs.oregonstate.edu\\\/opec\\\/#website\"},\"primaryImageOfPage\":{\"@id\":\"https:\\\/\\\/blogs.oregonstate.edu\\\/opec\\\/conozca-y-celebre-el-mes-de-la-herencia-de-los-nativos-americanos\\\/#primaryimage\"},\"image\":{\"@id\":\"https:\\\/\\\/blogs.oregonstate.edu\\\/opec\\\/conozca-y-celebre-el-mes-de-la-herencia-de-los-nativos-americanos\\\/#primaryimage\"},\"thumbnailUrl\":\"https:\\\/\\\/osu-wams-blogs-uploads.s3.amazonaws.com\\\/blogs.dir\\\/5315\\\/files\\\/2024\\\/11\\\/NA-Heritage-Month-Post.png\",\"datePublished\":\"2025-11-13T17:59:12+00:00\",\"dateModified\":\"2025-11-13T18:06:37+00:00\",\"description\":\"Este mes es un momento para celebrar las ricas y diversas culturas, tradiciones e historias y para reconocer las importantes contribuciones de los pueblos ind\u00edgenas.\",\"breadcrumb\":{\"@id\":\"https:\\\/\\\/blogs.oregonstate.edu\\\/opec\\\/conozca-y-celebre-el-mes-de-la-herencia-de-los-nativos-americanos\\\/#breadcrumb\"},\"inLanguage\":\"en-US\",\"potentialAction\":[{\"@type\":\"ReadAction\",\"target\":[\"https:\\\/\\\/blogs.oregonstate.edu\\\/opec\\\/conozca-y-celebre-el-mes-de-la-herencia-de-los-nativos-americanos\\\/\"]}]},{\"@type\":\"ImageObject\",\"inLanguage\":\"en-US\",\"@id\":\"https:\\\/\\\/blogs.oregonstate.edu\\\/opec\\\/conozca-y-celebre-el-mes-de-la-herencia-de-los-nativos-americanos\\\/#primaryimage\",\"url\":\"https:\\\/\\\/osu-wams-blogs-uploads.s3.amazonaws.com\\\/blogs.dir\\\/5315\\\/files\\\/2024\\\/11\\\/NA-Heritage-Month-Post.png\",\"contentUrl\":\"https:\\\/\\\/osu-wams-blogs-uploads.s3.amazonaws.com\\\/blogs.dir\\\/5315\\\/files\\\/2024\\\/11\\\/NA-Heritage-Month-Post.png\"},{\"@type\":\"BreadcrumbList\",\"@id\":\"https:\\\/\\\/blogs.oregonstate.edu\\\/opec\\\/conozca-y-celebre-el-mes-de-la-herencia-de-los-nativos-americanos\\\/#breadcrumb\",\"itemListElement\":[{\"@type\":\"ListItem\",\"position\":1,\"name\":\"Home\",\"item\":\"https:\\\/\\\/blogs.oregonstate.edu\\\/opec\\\/\"},{\"@type\":\"ListItem\",\"position\":2,\"name\":\"Conozca y celebre el Mes de la Herencia de los Nativos Americanos\"}]},{\"@type\":\"WebSite\",\"@id\":\"https:\\\/\\\/blogs.oregonstate.edu\\\/opec\\\/#website\",\"url\":\"https:\\\/\\\/blogs.oregonstate.edu\\\/opec\\\/\",\"name\":\"Oregon Parenting Education Collaborative Blog\",\"description\":\"\",\"publisher\":{\"@id\":\"https:\\\/\\\/blogs.oregonstate.edu\\\/opec\\\/#organization\"},\"potentialAction\":[{\"@type\":\"SearchAction\",\"target\":{\"@type\":\"EntryPoint\",\"urlTemplate\":\"https:\\\/\\\/blogs.oregonstate.edu\\\/opec\\\/?s={search_term_string}\"},\"query-input\":{\"@type\":\"PropertyValueSpecification\",\"valueRequired\":true,\"valueName\":\"search_term_string\"}}],\"inLanguage\":\"en-US\"},{\"@type\":\"Organization\",\"@id\":\"https:\\\/\\\/blogs.oregonstate.edu\\\/opec\\\/#organization\",\"name\":\"Oregon Parenting Education Collaborative\",\"alternateName\":\"OPEC\",\"url\":\"https:\\\/\\\/blogs.oregonstate.edu\\\/opec\\\/\",\"logo\":{\"@type\":\"ImageObject\",\"inLanguage\":\"en-US\",\"@id\":\"https:\\\/\\\/blogs.oregonstate.edu\\\/opec\\\/#\\\/schema\\\/logo\\\/image\\\/\",\"url\":\"https:\\\/\\\/i0.wp.com\\\/osu-wams-blogs-uploads.s3.amazonaws.com\\\/blogs.dir\\\/5315\\\/files\\\/2022\\\/02\\\/OPECHorizBW.jpg?fit=838%2C332&ssl=1\",\"contentUrl\":\"https:\\\/\\\/i0.wp.com\\\/osu-wams-blogs-uploads.s3.amazonaws.com\\\/blogs.dir\\\/5315\\\/files\\\/2022\\\/02\\\/OPECHorizBW.jpg?fit=838%2C332&ssl=1\",\"width\":838,\"height\":332,\"caption\":\"Oregon Parenting Education Collaborative\"},\"image\":{\"@id\":\"https:\\\/\\\/blogs.oregonstate.edu\\\/opec\\\/#\\\/schema\\\/logo\\\/image\\\/\"}},{\"@type\":\"Person\",\"@id\":\"https:\\\/\\\/blogs.oregonstate.edu\\\/opec\\\/#\\\/schema\\\/person\\\/b1f216897dbb21b0da664cecaffd5e65\",\"name\":\"Haley Bosse\",\"url\":\"https:\\\/\\\/blogs.oregonstate.edu\\\/opec\\\/author\\\/bosshal\\\/\"}]}<\/script>\n<!-- \/ Yoast SEO plugin. -->","yoast_head_json":{"title":"Conozca y celebre el Mes de la Herencia de los Nativos Americanos - Oregon Parenting Education Collaborative Blog","description":"Este mes es un momento para celebrar las ricas y diversas culturas, tradiciones e historias y para reconocer las importantes contribuciones de los pueblos ind\u00edgenas.","robots":{"index":"index","follow":"follow","max-snippet":"max-snippet:-1","max-image-preview":"max-image-preview:large","max-video-preview":"max-video-preview:-1"},"canonical":"https:\/\/blogs.oregonstate.edu\/opec\/conozca-y-celebre-el-mes-de-la-herencia-de-los-nativos-americanos\/","og_locale":"en_US","og_type":"article","og_title":"Conozca y celebre el Mes de la Herencia de los Nativos Americanos - Oregon Parenting Education Collaborative Blog","og_description":"Este mes es un momento para celebrar las ricas y diversas culturas, tradiciones e historias y para reconocer las importantes contribuciones de los pueblos ind\u00edgenas.","og_url":"https:\/\/blogs.oregonstate.edu\/opec\/conozca-y-celebre-el-mes-de-la-herencia-de-los-nativos-americanos\/","og_site_name":"Oregon Parenting Education Collaborative Blog","article_published_time":"2025-11-13T17:59:12+00:00","article_modified_time":"2025-11-13T18:06:37+00:00","og_image":[{"width":940,"height":800,"url":"https:\/\/i0.wp.com\/osu-wams-blogs-uploads.s3.amazonaws.com\/blogs.dir\/5315\/files\/2024\/11\/NA-Heritage-Month-Post.png?fit=940%2C800&ssl=1","type":"image\/png"}],"author":"Haley Bosse","twitter_card":"summary_large_image","twitter_misc":{"Written by":"Haley Bosse","Est. reading time":"3 minutes"},"schema":{"@context":"https:\/\/schema.org","@graph":[{"@type":"Article","@id":"https:\/\/blogs.oregonstate.edu\/opec\/conozca-y-celebre-el-mes-de-la-herencia-de-los-nativos-americanos\/#article","isPartOf":{"@id":"https:\/\/blogs.oregonstate.edu\/opec\/conozca-y-celebre-el-mes-de-la-herencia-de-los-nativos-americanos\/"},"author":{"name":"Haley Bosse","@id":"https:\/\/blogs.oregonstate.edu\/opec\/#\/schema\/person\/b1f216897dbb21b0da664cecaffd5e65"},"headline":"Conozca y celebre el Mes de la Herencia de los Nativos Americanos","datePublished":"2025-11-13T17:59:12+00:00","dateModified":"2025-11-13T18:06:37+00:00","mainEntityOfPage":{"@id":"https:\/\/blogs.oregonstate.edu\/opec\/conozca-y-celebre-el-mes-de-la-herencia-de-los-nativos-americanos\/"},"wordCount":648,"publisher":{"@id":"https:\/\/blogs.oregonstate.edu\/opec\/#organization"},"image":{"@id":"https:\/\/blogs.oregonstate.edu\/opec\/conozca-y-celebre-el-mes-de-la-herencia-de-los-nativos-americanos\/#primaryimage"},"thumbnailUrl":"https:\/\/osu-wams-blogs-uploads.s3.amazonaws.com\/blogs.dir\/5315\/files\/2024\/11\/NA-Heritage-Month-Post.png","keywords":["cultura","herencia"],"articleSection":["Espa\u00f1ol"],"inLanguage":"en-US"},{"@type":"WebPage","@id":"https:\/\/blogs.oregonstate.edu\/opec\/conozca-y-celebre-el-mes-de-la-herencia-de-los-nativos-americanos\/","url":"https:\/\/blogs.oregonstate.edu\/opec\/conozca-y-celebre-el-mes-de-la-herencia-de-los-nativos-americanos\/","name":"Conozca y celebre el Mes de la Herencia de los Nativos Americanos - Oregon Parenting Education Collaborative Blog","isPartOf":{"@id":"https:\/\/blogs.oregonstate.edu\/opec\/#website"},"primaryImageOfPage":{"@id":"https:\/\/blogs.oregonstate.edu\/opec\/conozca-y-celebre-el-mes-de-la-herencia-de-los-nativos-americanos\/#primaryimage"},"image":{"@id":"https:\/\/blogs.oregonstate.edu\/opec\/conozca-y-celebre-el-mes-de-la-herencia-de-los-nativos-americanos\/#primaryimage"},"thumbnailUrl":"https:\/\/osu-wams-blogs-uploads.s3.amazonaws.com\/blogs.dir\/5315\/files\/2024\/11\/NA-Heritage-Month-Post.png","datePublished":"2025-11-13T17:59:12+00:00","dateModified":"2025-11-13T18:06:37+00:00","description":"Este mes es un momento para celebrar las ricas y diversas culturas, tradiciones e historias y para reconocer las importantes contribuciones de los pueblos ind\u00edgenas.","breadcrumb":{"@id":"https:\/\/blogs.oregonstate.edu\/opec\/conozca-y-celebre-el-mes-de-la-herencia-de-los-nativos-americanos\/#breadcrumb"},"inLanguage":"en-US","potentialAction":[{"@type":"ReadAction","target":["https:\/\/blogs.oregonstate.edu\/opec\/conozca-y-celebre-el-mes-de-la-herencia-de-los-nativos-americanos\/"]}]},{"@type":"ImageObject","inLanguage":"en-US","@id":"https:\/\/blogs.oregonstate.edu\/opec\/conozca-y-celebre-el-mes-de-la-herencia-de-los-nativos-americanos\/#primaryimage","url":"https:\/\/osu-wams-blogs-uploads.s3.amazonaws.com\/blogs.dir\/5315\/files\/2024\/11\/NA-Heritage-Month-Post.png","contentUrl":"https:\/\/osu-wams-blogs-uploads.s3.amazonaws.com\/blogs.dir\/5315\/files\/2024\/11\/NA-Heritage-Month-Post.png"},{"@type":"BreadcrumbList","@id":"https:\/\/blogs.oregonstate.edu\/opec\/conozca-y-celebre-el-mes-de-la-herencia-de-los-nativos-americanos\/#breadcrumb","itemListElement":[{"@type":"ListItem","position":1,"name":"Home","item":"https:\/\/blogs.oregonstate.edu\/opec\/"},{"@type":"ListItem","position":2,"name":"Conozca y celebre el Mes de la Herencia de los Nativos Americanos"}]},{"@type":"WebSite","@id":"https:\/\/blogs.oregonstate.edu\/opec\/#website","url":"https:\/\/blogs.oregonstate.edu\/opec\/","name":"Oregon Parenting Education Collaborative Blog","description":"","publisher":{"@id":"https:\/\/blogs.oregonstate.edu\/opec\/#organization"},"potentialAction":[{"@type":"SearchAction","target":{"@type":"EntryPoint","urlTemplate":"https:\/\/blogs.oregonstate.edu\/opec\/?s={search_term_string}"},"query-input":{"@type":"PropertyValueSpecification","valueRequired":true,"valueName":"search_term_string"}}],"inLanguage":"en-US"},{"@type":"Organization","@id":"https:\/\/blogs.oregonstate.edu\/opec\/#organization","name":"Oregon Parenting Education Collaborative","alternateName":"OPEC","url":"https:\/\/blogs.oregonstate.edu\/opec\/","logo":{"@type":"ImageObject","inLanguage":"en-US","@id":"https:\/\/blogs.oregonstate.edu\/opec\/#\/schema\/logo\/image\/","url":"https:\/\/i0.wp.com\/osu-wams-blogs-uploads.s3.amazonaws.com\/blogs.dir\/5315\/files\/2022\/02\/OPECHorizBW.jpg?fit=838%2C332&ssl=1","contentUrl":"https:\/\/i0.wp.com\/osu-wams-blogs-uploads.s3.amazonaws.com\/blogs.dir\/5315\/files\/2022\/02\/OPECHorizBW.jpg?fit=838%2C332&ssl=1","width":838,"height":332,"caption":"Oregon Parenting Education Collaborative"},"image":{"@id":"https:\/\/blogs.oregonstate.edu\/opec\/#\/schema\/logo\/image\/"}},{"@type":"Person","@id":"https:\/\/blogs.oregonstate.edu\/opec\/#\/schema\/person\/b1f216897dbb21b0da664cecaffd5e65","name":"Haley Bosse","url":"https:\/\/blogs.oregonstate.edu\/opec\/author\/bosshal\/"}]}},"jetpack_featured_media_url":"","jetpack_sharing_enabled":true,"_links":{"self":[{"href":"https:\/\/blogs.oregonstate.edu\/opec\/wp-json\/wp\/v2\/posts\/472","targetHints":{"allow":["GET"]}}],"collection":[{"href":"https:\/\/blogs.oregonstate.edu\/opec\/wp-json\/wp\/v2\/posts"}],"about":[{"href":"https:\/\/blogs.oregonstate.edu\/opec\/wp-json\/wp\/v2\/types\/post"}],"author":[{"embeddable":true,"href":"https:\/\/blogs.oregonstate.edu\/opec\/wp-json\/wp\/v2\/users\/14663"}],"replies":[{"embeddable":true,"href":"https:\/\/blogs.oregonstate.edu\/opec\/wp-json\/wp\/v2\/comments?post=472"}],"version-history":[{"count":5,"href":"https:\/\/blogs.oregonstate.edu\/opec\/wp-json\/wp\/v2\/posts\/472\/revisions"}],"predecessor-version":[{"id":759,"href":"https:\/\/blogs.oregonstate.edu\/opec\/wp-json\/wp\/v2\/posts\/472\/revisions\/759"}],"wp:attachment":[{"href":"https:\/\/blogs.oregonstate.edu\/opec\/wp-json\/wp\/v2\/media?parent=472"}],"wp:term":[{"taxonomy":"category","embeddable":true,"href":"https:\/\/blogs.oregonstate.edu\/opec\/wp-json\/wp\/v2\/categories?post=472"},{"taxonomy":"post_tag","embeddable":true,"href":"https:\/\/blogs.oregonstate.edu\/opec\/wp-json\/wp\/v2\/tags?post=472"}],"curies":[{"name":"wp","href":"https:\/\/api.w.org\/{rel}","templated":true}]}}