{"id":254,"date":"2023-01-17T19:36:05","date_gmt":"2023-01-17T19:36:05","guid":{"rendered":"https:\/\/blogs.oregonstate.edu\/opec\/?p=254"},"modified":"2024-12-09T22:47:04","modified_gmt":"2024-12-09T22:47:04","slug":"manejo-del-estres-traumatico-secundario","status":"publish","type":"post","link":"https:\/\/blogs.oregonstate.edu\/opec\/manejo-del-estres-traumatico-secundario\/","title":{"rendered":"Manejo del estr\u00e9s traum\u00e1tico secundario"},"content":{"rendered":"\n<div class=\"wp-block-buttons is-content-justification-center is-layout-flex wp-container-core-buttons-is-layout-16018d1d wp-block-buttons-is-layout-flex\">\n<div class=\"wp-block-button\"><a class=\"wp-block-button__link has-beaver-orange-background-color has-background wp-element-button\" href=\"https:\/\/blogs.oregonstate.edu\/opec\/managing-secondary-traumatic-stress\/\">English<\/a><\/div>\n<\/div>\n\n\n\n<p>Por Megan McQueen<\/p>\n\n\n\n<p>A inicios de mi carrera, sal\u00ed del trabajo casi llorando despu\u00e9s de escuchar la descorazonadora historia de una familia. Llam\u00e9 a mi hermana y luego a una consejera de familia y le pregunt\u00e9 qu\u00e9 hac\u00eda ella para manejar las emociones desafiantes despu\u00e9s de escuchar los traumas de otras personas. Hablamos de algunas estrategias que podr\u00edan ayudarme a separarme a m\u00ed misma de mi trabajo. No obstante, para m\u00ed, las historias no son solo &#8220;trabajo&#8221;. El sufrimiento secundario que siento es leg\u00edtimo y se radica en la compasi\u00f3n que siento. <a href=\"https:\/\/charlesfigley.com\/\">Charles Figley<\/a> define el trauma secundario como &#8220;&#8230;el estr\u00e9s resultante del deseo de ayudar a una persona traumatizada o que sufre&#8221;. A partir de tal definici\u00f3n b\u00e1sica, los investigadores han estudiado el trauma secundario y el estr\u00e9s de los cuidadores. Yo no deseo perder mi compasi\u00f3n hacia las dem\u00e1s personas, pero necesito cuidarme a m\u00ed misma al mismo tiempo que le brindo apoyo a mi comunidad. Le extiendo una invitaci\u00f3n a la lectura de las estrategias que he reunido aqu\u00ed para ver si resuenan con su experiencia.<\/p>\n\n\n\n<h2 class=\"wp-block-heading\">Reconocer sus sentimientos<\/h2>\n\n\n\n<p>Escuchar una historia dolorosa puede desatar traumas anteriores por los que usted ha pasado. Si usted tiene un trauma que no ha resuelto, puede considerar ponerse en contacto con un profesional en salud mental que le brinde el apoyo para sanar. A cualquiera se le pueden activar sentimientos de ira, miedo, repugnancia o tristeza. T\u00f3mese un momento y reflexione. Vea si puede nombrar sus sentimientos. En el pasado, a veces yo ocultaba e ignoraba mis sentimientos para poder continuar con los deberes de mi trabajo, pero mis sentimientos segu\u00edan all\u00ed, los reconociera o no. A veces, se manifestaban en el agotamiento, el sue\u00f1o interrumpido o las interacciones tensas con otras personas. Ignorar los sentimientos desafiantes tambi\u00e9n atenu\u00f3 el acceso que yo ten\u00eda a sentimientos m\u00e1s agradables y \u00a1eso era lo \u00faltimo que yo deseaba! Dese tiempo para recuperarse de la experiencia.<\/p>\n\n\n\n<h2 class=\"wp-block-heading\">Rest\u00e1urese a s\u00ed mismo(a)<\/h2>\n\n\n\n<p>T\u00f3mese un momento para hacer una lista de las actividades de restauraci\u00f3n que incorporar\u00e1 en los d\u00edas y semanas que vengan. \u00bfQu\u00e9 hace que usted pueda llegar a un estado de relajaci\u00f3n? Pienso que es de ayuda incluir algo que se pueda hacer a diario como, por ejemplo, pasar tiempo al aire libre, meditar, leer, algo que sea parte de la rutina. Dejar las actividades que requieren m\u00e1s tiempo dentro de un horario semanal. Planee ir de excursi\u00f3n con un amigo(a) cercano(a) o ir a una sesi\u00f3n de terapia. La consistencia le ayudar\u00e1 a mantener un sentido de alivio seguro. Cuando un incidente lo(la) deje abatido(a) y necesite apoyo adicional, pida ayuda. \u00bfUn compa\u00f1ero o amigo puede encargarse de sus obligaciones familiares? Tal vez pueda ganar espacio en su d\u00eda al pedir la cena a domicilio y emplear ese tiempo en caminar o en escribir en su diario.<\/p>\n\n\n\n<h2 class=\"wp-block-heading\">Con\u00e9ctese con su equipo<\/h2>\n\n\n\n<p>El estr\u00e9s es m\u00e1s desafiante de navegar en solitario. <a href=\"https:\/\/www.bdperry.com\/\">El m\u00e9dico y doctor en filosof\u00eda, Bruce Perry<\/a>,<a href=\"https:\/\/www.childtrauma.org\/_files\/ugd\/aa51c7_074a47ab66ea47f2a2768cc2c36a774b.pdf\"> escribe que<\/a>, &#8220;Cuando las personas se sienten valoradas y est\u00e1n en la presencia de otras personas que las respetan y las cuidan, tienen una mayor capacidad para tolerar los factores estresantes extremos&#8221;. Construir una cohorte de colegas que puedan relacionarse con usted puede ayudarle a sentirse querido(a) y conectado(a). Las relaciones de confianza toman tiempo en formarse. Formar grupos para almorzar o para tener reuniones y socializar puede ayudar a crear una red de apoyo. Cuando usted necesite procesar emociones, hablar con un colega puede fortalecer sus sentimientos de conexi\u00f3n.<\/p>\n\n\n\n<h2 class=\"wp-block-heading\">Cree y saboree los momentos de alegr\u00eda<\/h2>\n\n\n\n<p>Cuando, en el trabajo, tenemos momentos que son dif\u00edciles de procesar, puede ser de ayuda nombrar las cosas que le dan felicidad. Yo aprecio las conexiones profundas con las personas de mi trabajo. A veces esto sucede con mis colegas y tambi\u00e9n con las familias. He aprendido que necesito buscar a esas personas y saborear nuestro tiempo juntos. Veo ni\u00f1os que se r\u00eden. Encuentro la persona que da esos abrazos de oso tan apretados que me gustan. Crear momentos durante los fines de semana o por las tardes tambi\u00e9n puede ser reconfortante. Ayudar a su vecino, ver una pel\u00edcula graciosa o disfrutar de un atardecer con un amigo puede darle equilibrio a su vida.<\/p>\n\n\n\n<h2 class=\"wp-block-heading\">Cuidarse a s\u00ed mismo<\/h2>\n\n\n\n<p>Como ocurre con la mayor\u00eda de las recomendaciones de apoyo, los expertos est\u00e1n de acuerdo en que cuidar de su salud f\u00edsica es fundamental para su salud mental. <a href=\"https:\/\/www.drnataliechristine.com\/\">La doctora Natalie Christine Dattilo<\/a> <a href=\"https:\/\/www.apa.org\/topics\/mental-health\/tips-psychologists-use\">afirma que<\/a> &#8220;hacer ejercicio puede ser uno de los antidepresivos m\u00e1s eficaces que existen&#8230;el ejercicio habitual&#8230;libera endocannabinoides, los cuales mejoran nuestro sentido de conexi\u00f3n social y nuestra sensibilidad para sentir placer&#8221;. Darle la prioridad a dormir y a descansar consistentemente estimula nuestra resiliencia f\u00edsica y mental. \u00bfPuede acostarse 30 minutos m\u00e1s temprano durante una semana para darse la oportunidad de descansar m\u00e1s? \u00bfPuede incorporar una caminata durante el receso del almuerzo o como parte de su recorrido hacia el trabajo?<\/p>\n\n\n\n<p>Reconocer nuestros sentimientos y transitar a trav\u00e9s de estos puede ayudarnos a navegar las experiencias desafiantes. La idea de permanecer conectados, consigo mismo(a) y con otras personas, es mucho m\u00e1s atractiva que la de desconectarse. Cuando creo firmemente en mis valores de empat\u00eda y colectivismo, puedo vivir en la persona que estoy tratando de ser. Puedo enraizarme en mi conexi\u00f3n con otras personas y cuidarme a m\u00ed mismo(a). <\/p>\n\n\n\n<h2 class=\"wp-block-heading\">Libros\/Recursos:<\/h2>\n\n\n\n<p><a href=\"https:\/\/bookshop.org\/p\/books\/el-libro-de-la-alegria-the-book-of-joy-lasting-happiness-in-a-changing-world-dalai-lama\/10959759?ean=9788425353949\"><em>El libro de la alegr\u00eda: alcanza la felicidad duradera en un mundo en cambio constante<\/em><\/a> de Douglas Carlton Abrams, Desmond Tutu, y Dalai Lama<\/p>\n\n\n\n<p><a href=\"https:\/\/bookshop.org\/p\/books\/burnout-the-secret-to-unlocking-the-stress-cycle-emily-nagoski\/9572582?ean=9781984818324\"><em>Hiperagotadas: Acaba con el BURNOUT, domina el estr\u00e9s y recupera tu calidad de vida<\/em><\/a> (<em>Hiperagotadas<\/em>) de Amelia Nagoski y Emily Nagoski<\/p>\n\n\n\n<p><a href=\"https:\/\/bookshop.org\/p\/books\/joyful-the-surprising-power-of-ordinary-things-to-create-extraordinary-happiness-ingrid-fetell-lee\/15276699?ean=9780316399272\"><em>Las formas de la alegr\u00eda: El sorprendente poder de los objetos cotidianos<\/em><\/a> de Ingrid Fetell Lee<\/p>\n\n\n\n<p><a href=\"https:\/\/www.tenpercent.com\">Ten Percent Happier<\/a> aplicaci\u00f3n para meditar<\/p>\n\n\n\n<hr class=\"wp-block-separator has-alpha-channel-opacity\" \/>\n\n\n\n<p><em>Megan McQueen es una cari\u00f1osa maestra, entrenadora, consultora y escritora. Basa su trabajo en la educaci\u00f3n emp\u00e1tica, para lo cual imparte un fuerte sentido de comunidad y habilidades sociales a aquellos con quienes trabaja. Megan prioriza el aprendizaje emocional y las habilidades de resoluci\u00f3n de problemas. Cuando no est\u00e1 trabajando, lo m\u00e1s probable es que est\u00e9 jugando con su esposo, sus dos hijos y su perrito.<\/em><em><\/em><\/p>\n\n\n\n<p><em>\u00a1Lea y obtenga m\u00e1s informaci\u00f3n sobre <\/em><a href=\"http:\/\/www.health.oregonstate.edu\/opec\"><em>Oregon Parenting Education Collaborative<\/em><\/a> <a href=\"https:\/\/blogs.oregonstate.edu\/opec\/\"><em>en nuestro blog<\/em><\/a><em>!<\/em><\/p>\n","protected":false},"excerpt":{"rendered":"<p>Por Megan McQueen A inicios de mi carrera, sal\u00ed del trabajo casi llorando despu\u00e9s de escuchar la descorazonadora historia de una familia. Llam\u00e9 a mi hermana y luego a una consejera de familia y le pregunt\u00e9 qu\u00e9 hac\u00eda ella para manejar las emociones desafiantes despu\u00e9s de escuchar los traumas de otras personas. Hablamos de algunas [&hellip;]<\/p>\n","protected":false},"author":12148,"featured_media":252,"comment_status":"closed","ping_status":"open","sticky":false,"template":"templates\/template-full-width.php","format":"standard","meta":{"_jetpack_newsletter_access":"","_jetpack_dont_email_post_to_subs":false,"_jetpack_newsletter_tier_id":0,"_jetpack_memberships_contains_paywalled_content":false,"_jetpack_memberships_contains_paid_content":false,"footnotes":""},"categories":[9],"tags":[75,70],"class_list":["post-254","post","type-post","status-publish","format-standard","has-post-thumbnail","hentry","category-espanol","tag-autocuidado","tag-trauma"],"yoast_head":"<!-- This site is optimized with the Yoast SEO plugin v27.4 - https:\/\/yoast.com\/product\/yoast-seo-wordpress\/ -->\n<title>Manejo del estr\u00e9s traum\u00e1tico secundario - Oregon Parenting Education Collaborative Blog<\/title>\n<meta name=\"description\" content=\"Manejo del estr\u00e9s traum\u00e1tico secundario: Cuando creo firmemente en mis valores de empat\u00eda y colectivismo, puedo vivir en la persona que estoy tratando de ser.\" \/>\n<meta name=\"robots\" content=\"index, follow, max-snippet:-1, max-image-preview:large, max-video-preview:-1\" \/>\n<link rel=\"canonical\" href=\"https:\/\/blogs.oregonstate.edu\/opec\/manejo-del-estres-traumatico-secundario\/\" \/>\n<meta property=\"og:locale\" content=\"en_US\" \/>\n<meta property=\"og:type\" content=\"article\" \/>\n<meta property=\"og:title\" content=\"Manejo del estr\u00e9s traum\u00e1tico secundario - Oregon Parenting Education Collaborative Blog\" \/>\n<meta property=\"og:description\" content=\"Manejo del estr\u00e9s traum\u00e1tico secundario: Cuando creo firmemente en mis valores de empat\u00eda y colectivismo, puedo vivir en la persona que estoy tratando de ser.\" \/>\n<meta property=\"og:url\" content=\"https:\/\/blogs.oregonstate.edu\/opec\/manejo-del-estres-traumatico-secundario\/\" \/>\n<meta property=\"og:site_name\" content=\"Oregon Parenting Education Collaborative Blog\" \/>\n<meta property=\"article:published_time\" content=\"2023-01-17T19:36:05+00:00\" \/>\n<meta property=\"article:modified_time\" content=\"2024-12-09T22:47:04+00:00\" \/>\n<meta property=\"og:image\" content=\"https:\/\/osu-wams-blogs-uploads.s3.amazonaws.com\/blogs.dir\/5315\/files\/2023\/01\/Managing-Secondary-Traumatic-Stress-copy.jpg\" \/>\n\t<meta property=\"og:image:width\" content=\"936\" \/>\n\t<meta property=\"og:image:height\" content=\"700\" \/>\n\t<meta property=\"og:image:type\" content=\"image\/jpeg\" \/>\n<meta name=\"author\" content=\"Linse Sullivan\" \/>\n<meta name=\"twitter:card\" content=\"summary_large_image\" \/>\n<meta name=\"twitter:label1\" content=\"Written by\" \/>\n\t<meta name=\"twitter:data1\" content=\"Linse Sullivan\" \/>\n\t<meta name=\"twitter:label2\" content=\"Est. reading time\" \/>\n\t<meta name=\"twitter:data2\" content=\"5 minutes\" \/>\n<script type=\"application\/ld+json\" class=\"yoast-schema-graph\">{\"@context\":\"https:\\\/\\\/schema.org\",\"@graph\":[{\"@type\":\"Article\",\"@id\":\"https:\\\/\\\/blogs.oregonstate.edu\\\/opec\\\/manejo-del-estres-traumatico-secundario\\\/#article\",\"isPartOf\":{\"@id\":\"https:\\\/\\\/blogs.oregonstate.edu\\\/opec\\\/manejo-del-estres-traumatico-secundario\\\/\"},\"author\":{\"name\":\"Linse Sullivan\",\"@id\":\"https:\\\/\\\/blogs.oregonstate.edu\\\/opec\\\/#\\\/schema\\\/person\\\/ed9fd134e6c1b88acf80a70cf09e60da\"},\"headline\":\"Manejo del estr\u00e9s traum\u00e1tico secundario\",\"datePublished\":\"2023-01-17T19:36:05+00:00\",\"dateModified\":\"2024-12-09T22:47:04+00:00\",\"mainEntityOfPage\":{\"@id\":\"https:\\\/\\\/blogs.oregonstate.edu\\\/opec\\\/manejo-del-estres-traumatico-secundario\\\/\"},\"wordCount\":1124,\"publisher\":{\"@id\":\"https:\\\/\\\/blogs.oregonstate.edu\\\/opec\\\/#organization\"},\"image\":{\"@id\":\"https:\\\/\\\/blogs.oregonstate.edu\\\/opec\\\/manejo-del-estres-traumatico-secundario\\\/#primaryimage\"},\"thumbnailUrl\":\"https:\\\/\\\/i0.wp.com\\\/osu-wams-blogs-uploads.s3.amazonaws.com\\\/blogs.dir\\\/5315\\\/files\\\/2023\\\/01\\\/Managing-Secondary-Traumatic-Stress-copy.jpg?fit=936%2C700&ssl=1\",\"keywords\":[\"autocuidado\",\"trauma\"],\"articleSection\":[\"Espa\u00f1ol\"],\"inLanguage\":\"en-US\"},{\"@type\":\"WebPage\",\"@id\":\"https:\\\/\\\/blogs.oregonstate.edu\\\/opec\\\/manejo-del-estres-traumatico-secundario\\\/\",\"url\":\"https:\\\/\\\/blogs.oregonstate.edu\\\/opec\\\/manejo-del-estres-traumatico-secundario\\\/\",\"name\":\"Manejo del estr\u00e9s traum\u00e1tico secundario - Oregon Parenting Education Collaborative Blog\",\"isPartOf\":{\"@id\":\"https:\\\/\\\/blogs.oregonstate.edu\\\/opec\\\/#website\"},\"primaryImageOfPage\":{\"@id\":\"https:\\\/\\\/blogs.oregonstate.edu\\\/opec\\\/manejo-del-estres-traumatico-secundario\\\/#primaryimage\"},\"image\":{\"@id\":\"https:\\\/\\\/blogs.oregonstate.edu\\\/opec\\\/manejo-del-estres-traumatico-secundario\\\/#primaryimage\"},\"thumbnailUrl\":\"https:\\\/\\\/i0.wp.com\\\/osu-wams-blogs-uploads.s3.amazonaws.com\\\/blogs.dir\\\/5315\\\/files\\\/2023\\\/01\\\/Managing-Secondary-Traumatic-Stress-copy.jpg?fit=936%2C700&ssl=1\",\"datePublished\":\"2023-01-17T19:36:05+00:00\",\"dateModified\":\"2024-12-09T22:47:04+00:00\",\"description\":\"Manejo del estr\u00e9s traum\u00e1tico secundario: Cuando creo firmemente en mis valores de empat\u00eda y colectivismo, puedo vivir en la persona que estoy tratando de ser.\",\"breadcrumb\":{\"@id\":\"https:\\\/\\\/blogs.oregonstate.edu\\\/opec\\\/manejo-del-estres-traumatico-secundario\\\/#breadcrumb\"},\"inLanguage\":\"en-US\",\"potentialAction\":[{\"@type\":\"ReadAction\",\"target\":[\"https:\\\/\\\/blogs.oregonstate.edu\\\/opec\\\/manejo-del-estres-traumatico-secundario\\\/\"]}]},{\"@type\":\"ImageObject\",\"inLanguage\":\"en-US\",\"@id\":\"https:\\\/\\\/blogs.oregonstate.edu\\\/opec\\\/manejo-del-estres-traumatico-secundario\\\/#primaryimage\",\"url\":\"https:\\\/\\\/i0.wp.com\\\/osu-wams-blogs-uploads.s3.amazonaws.com\\\/blogs.dir\\\/5315\\\/files\\\/2023\\\/01\\\/Managing-Secondary-Traumatic-Stress-copy.jpg?fit=936%2C700&ssl=1\",\"contentUrl\":\"https:\\\/\\\/i0.wp.com\\\/osu-wams-blogs-uploads.s3.amazonaws.com\\\/blogs.dir\\\/5315\\\/files\\\/2023\\\/01\\\/Managing-Secondary-Traumatic-Stress-copy.jpg?fit=936%2C700&ssl=1\",\"width\":936,\"height\":700,\"caption\":\"Photo by Pablo Varela on Unsplash\"},{\"@type\":\"BreadcrumbList\",\"@id\":\"https:\\\/\\\/blogs.oregonstate.edu\\\/opec\\\/manejo-del-estres-traumatico-secundario\\\/#breadcrumb\",\"itemListElement\":[{\"@type\":\"ListItem\",\"position\":1,\"name\":\"Home\",\"item\":\"https:\\\/\\\/blogs.oregonstate.edu\\\/opec\\\/\"},{\"@type\":\"ListItem\",\"position\":2,\"name\":\"Manejo del estr\u00e9s traum\u00e1tico secundario\"}]},{\"@type\":\"WebSite\",\"@id\":\"https:\\\/\\\/blogs.oregonstate.edu\\\/opec\\\/#website\",\"url\":\"https:\\\/\\\/blogs.oregonstate.edu\\\/opec\\\/\",\"name\":\"Oregon Parenting Education Collaborative Blog\",\"description\":\"\",\"publisher\":{\"@id\":\"https:\\\/\\\/blogs.oregonstate.edu\\\/opec\\\/#organization\"},\"potentialAction\":[{\"@type\":\"SearchAction\",\"target\":{\"@type\":\"EntryPoint\",\"urlTemplate\":\"https:\\\/\\\/blogs.oregonstate.edu\\\/opec\\\/?s={search_term_string}\"},\"query-input\":{\"@type\":\"PropertyValueSpecification\",\"valueRequired\":true,\"valueName\":\"search_term_string\"}}],\"inLanguage\":\"en-US\"},{\"@type\":\"Organization\",\"@id\":\"https:\\\/\\\/blogs.oregonstate.edu\\\/opec\\\/#organization\",\"name\":\"Oregon Parenting Education Collaborative\",\"alternateName\":\"OPEC\",\"url\":\"https:\\\/\\\/blogs.oregonstate.edu\\\/opec\\\/\",\"logo\":{\"@type\":\"ImageObject\",\"inLanguage\":\"en-US\",\"@id\":\"https:\\\/\\\/blogs.oregonstate.edu\\\/opec\\\/#\\\/schema\\\/logo\\\/image\\\/\",\"url\":\"https:\\\/\\\/i0.wp.com\\\/osu-wams-blogs-uploads.s3.amazonaws.com\\\/blogs.dir\\\/5315\\\/files\\\/2022\\\/02\\\/OPECHorizBW.jpg?fit=838%2C332&ssl=1\",\"contentUrl\":\"https:\\\/\\\/i0.wp.com\\\/osu-wams-blogs-uploads.s3.amazonaws.com\\\/blogs.dir\\\/5315\\\/files\\\/2022\\\/02\\\/OPECHorizBW.jpg?fit=838%2C332&ssl=1\",\"width\":838,\"height\":332,\"caption\":\"Oregon Parenting Education Collaborative\"},\"image\":{\"@id\":\"https:\\\/\\\/blogs.oregonstate.edu\\\/opec\\\/#\\\/schema\\\/logo\\\/image\\\/\"}},{\"@type\":\"Person\",\"@id\":\"https:\\\/\\\/blogs.oregonstate.edu\\\/opec\\\/#\\\/schema\\\/person\\\/ed9fd134e6c1b88acf80a70cf09e60da\",\"name\":\"Linse Sullivan\",\"url\":\"https:\\\/\\\/blogs.oregonstate.edu\\\/opec\\\/author\\\/sulllins\\\/\"}]}<\/script>\n<!-- \/ Yoast SEO plugin. -->","yoast_head_json":{"title":"Manejo del estr\u00e9s traum\u00e1tico secundario - Oregon Parenting Education Collaborative Blog","description":"Manejo del estr\u00e9s traum\u00e1tico secundario: Cuando creo firmemente en mis valores de empat\u00eda y colectivismo, puedo vivir en la persona que estoy tratando de ser.","robots":{"index":"index","follow":"follow","max-snippet":"max-snippet:-1","max-image-preview":"max-image-preview:large","max-video-preview":"max-video-preview:-1"},"canonical":"https:\/\/blogs.oregonstate.edu\/opec\/manejo-del-estres-traumatico-secundario\/","og_locale":"en_US","og_type":"article","og_title":"Manejo del estr\u00e9s traum\u00e1tico secundario - Oregon Parenting Education Collaborative Blog","og_description":"Manejo del estr\u00e9s traum\u00e1tico secundario: Cuando creo firmemente en mis valores de empat\u00eda y colectivismo, puedo vivir en la persona que estoy tratando de ser.","og_url":"https:\/\/blogs.oregonstate.edu\/opec\/manejo-del-estres-traumatico-secundario\/","og_site_name":"Oregon Parenting Education Collaborative Blog","article_published_time":"2023-01-17T19:36:05+00:00","article_modified_time":"2024-12-09T22:47:04+00:00","og_image":[{"width":936,"height":700,"url":"https:\/\/osu-wams-blogs-uploads.s3.amazonaws.com\/blogs.dir\/5315\/files\/2023\/01\/Managing-Secondary-Traumatic-Stress-copy.jpg","type":"image\/jpeg"}],"author":"Linse Sullivan","twitter_card":"summary_large_image","twitter_misc":{"Written by":"Linse Sullivan","Est. reading time":"5 minutes"},"schema":{"@context":"https:\/\/schema.org","@graph":[{"@type":"Article","@id":"https:\/\/blogs.oregonstate.edu\/opec\/manejo-del-estres-traumatico-secundario\/#article","isPartOf":{"@id":"https:\/\/blogs.oregonstate.edu\/opec\/manejo-del-estres-traumatico-secundario\/"},"author":{"name":"Linse Sullivan","@id":"https:\/\/blogs.oregonstate.edu\/opec\/#\/schema\/person\/ed9fd134e6c1b88acf80a70cf09e60da"},"headline":"Manejo del estr\u00e9s traum\u00e1tico secundario","datePublished":"2023-01-17T19:36:05+00:00","dateModified":"2024-12-09T22:47:04+00:00","mainEntityOfPage":{"@id":"https:\/\/blogs.oregonstate.edu\/opec\/manejo-del-estres-traumatico-secundario\/"},"wordCount":1124,"publisher":{"@id":"https:\/\/blogs.oregonstate.edu\/opec\/#organization"},"image":{"@id":"https:\/\/blogs.oregonstate.edu\/opec\/manejo-del-estres-traumatico-secundario\/#primaryimage"},"thumbnailUrl":"https:\/\/i0.wp.com\/osu-wams-blogs-uploads.s3.amazonaws.com\/blogs.dir\/5315\/files\/2023\/01\/Managing-Secondary-Traumatic-Stress-copy.jpg?fit=936%2C700&ssl=1","keywords":["autocuidado","trauma"],"articleSection":["Espa\u00f1ol"],"inLanguage":"en-US"},{"@type":"WebPage","@id":"https:\/\/blogs.oregonstate.edu\/opec\/manejo-del-estres-traumatico-secundario\/","url":"https:\/\/blogs.oregonstate.edu\/opec\/manejo-del-estres-traumatico-secundario\/","name":"Manejo del estr\u00e9s traum\u00e1tico secundario - Oregon Parenting Education Collaborative Blog","isPartOf":{"@id":"https:\/\/blogs.oregonstate.edu\/opec\/#website"},"primaryImageOfPage":{"@id":"https:\/\/blogs.oregonstate.edu\/opec\/manejo-del-estres-traumatico-secundario\/#primaryimage"},"image":{"@id":"https:\/\/blogs.oregonstate.edu\/opec\/manejo-del-estres-traumatico-secundario\/#primaryimage"},"thumbnailUrl":"https:\/\/i0.wp.com\/osu-wams-blogs-uploads.s3.amazonaws.com\/blogs.dir\/5315\/files\/2023\/01\/Managing-Secondary-Traumatic-Stress-copy.jpg?fit=936%2C700&ssl=1","datePublished":"2023-01-17T19:36:05+00:00","dateModified":"2024-12-09T22:47:04+00:00","description":"Manejo del estr\u00e9s traum\u00e1tico secundario: Cuando creo firmemente en mis valores de empat\u00eda y colectivismo, puedo vivir en la persona que estoy tratando de ser.","breadcrumb":{"@id":"https:\/\/blogs.oregonstate.edu\/opec\/manejo-del-estres-traumatico-secundario\/#breadcrumb"},"inLanguage":"en-US","potentialAction":[{"@type":"ReadAction","target":["https:\/\/blogs.oregonstate.edu\/opec\/manejo-del-estres-traumatico-secundario\/"]}]},{"@type":"ImageObject","inLanguage":"en-US","@id":"https:\/\/blogs.oregonstate.edu\/opec\/manejo-del-estres-traumatico-secundario\/#primaryimage","url":"https:\/\/i0.wp.com\/osu-wams-blogs-uploads.s3.amazonaws.com\/blogs.dir\/5315\/files\/2023\/01\/Managing-Secondary-Traumatic-Stress-copy.jpg?fit=936%2C700&ssl=1","contentUrl":"https:\/\/i0.wp.com\/osu-wams-blogs-uploads.s3.amazonaws.com\/blogs.dir\/5315\/files\/2023\/01\/Managing-Secondary-Traumatic-Stress-copy.jpg?fit=936%2C700&ssl=1","width":936,"height":700,"caption":"Photo by Pablo Varela on Unsplash"},{"@type":"BreadcrumbList","@id":"https:\/\/blogs.oregonstate.edu\/opec\/manejo-del-estres-traumatico-secundario\/#breadcrumb","itemListElement":[{"@type":"ListItem","position":1,"name":"Home","item":"https:\/\/blogs.oregonstate.edu\/opec\/"},{"@type":"ListItem","position":2,"name":"Manejo del estr\u00e9s traum\u00e1tico secundario"}]},{"@type":"WebSite","@id":"https:\/\/blogs.oregonstate.edu\/opec\/#website","url":"https:\/\/blogs.oregonstate.edu\/opec\/","name":"Oregon Parenting Education Collaborative Blog","description":"","publisher":{"@id":"https:\/\/blogs.oregonstate.edu\/opec\/#organization"},"potentialAction":[{"@type":"SearchAction","target":{"@type":"EntryPoint","urlTemplate":"https:\/\/blogs.oregonstate.edu\/opec\/?s={search_term_string}"},"query-input":{"@type":"PropertyValueSpecification","valueRequired":true,"valueName":"search_term_string"}}],"inLanguage":"en-US"},{"@type":"Organization","@id":"https:\/\/blogs.oregonstate.edu\/opec\/#organization","name":"Oregon Parenting Education Collaborative","alternateName":"OPEC","url":"https:\/\/blogs.oregonstate.edu\/opec\/","logo":{"@type":"ImageObject","inLanguage":"en-US","@id":"https:\/\/blogs.oregonstate.edu\/opec\/#\/schema\/logo\/image\/","url":"https:\/\/i0.wp.com\/osu-wams-blogs-uploads.s3.amazonaws.com\/blogs.dir\/5315\/files\/2022\/02\/OPECHorizBW.jpg?fit=838%2C332&ssl=1","contentUrl":"https:\/\/i0.wp.com\/osu-wams-blogs-uploads.s3.amazonaws.com\/blogs.dir\/5315\/files\/2022\/02\/OPECHorizBW.jpg?fit=838%2C332&ssl=1","width":838,"height":332,"caption":"Oregon Parenting Education Collaborative"},"image":{"@id":"https:\/\/blogs.oregonstate.edu\/opec\/#\/schema\/logo\/image\/"}},{"@type":"Person","@id":"https:\/\/blogs.oregonstate.edu\/opec\/#\/schema\/person\/ed9fd134e6c1b88acf80a70cf09e60da","name":"Linse Sullivan","url":"https:\/\/blogs.oregonstate.edu\/opec\/author\/sulllins\/"}]}},"jetpack_featured_media_url":"https:\/\/i0.wp.com\/osu-wams-blogs-uploads.s3.amazonaws.com\/blogs.dir\/5315\/files\/2023\/01\/Managing-Secondary-Traumatic-Stress-copy.jpg?fit=936%2C700&ssl=1","jetpack_sharing_enabled":true,"_links":{"self":[{"href":"https:\/\/blogs.oregonstate.edu\/opec\/wp-json\/wp\/v2\/posts\/254","targetHints":{"allow":["GET"]}}],"collection":[{"href":"https:\/\/blogs.oregonstate.edu\/opec\/wp-json\/wp\/v2\/posts"}],"about":[{"href":"https:\/\/blogs.oregonstate.edu\/opec\/wp-json\/wp\/v2\/types\/post"}],"author":[{"embeddable":true,"href":"https:\/\/blogs.oregonstate.edu\/opec\/wp-json\/wp\/v2\/users\/12148"}],"replies":[{"embeddable":true,"href":"https:\/\/blogs.oregonstate.edu\/opec\/wp-json\/wp\/v2\/comments?post=254"}],"version-history":[{"count":2,"href":"https:\/\/blogs.oregonstate.edu\/opec\/wp-json\/wp\/v2\/posts\/254\/revisions"}],"predecessor-version":[{"id":546,"href":"https:\/\/blogs.oregonstate.edu\/opec\/wp-json\/wp\/v2\/posts\/254\/revisions\/546"}],"wp:featuredmedia":[{"embeddable":true,"href":"https:\/\/blogs.oregonstate.edu\/opec\/wp-json\/wp\/v2\/media\/252"}],"wp:attachment":[{"href":"https:\/\/blogs.oregonstate.edu\/opec\/wp-json\/wp\/v2\/media?parent=254"}],"wp:term":[{"taxonomy":"category","embeddable":true,"href":"https:\/\/blogs.oregonstate.edu\/opec\/wp-json\/wp\/v2\/categories?post=254"},{"taxonomy":"post_tag","embeddable":true,"href":"https:\/\/blogs.oregonstate.edu\/opec\/wp-json\/wp\/v2\/tags?post=254"}],"curies":[{"name":"wp","href":"https:\/\/api.w.org\/{rel}","templated":true}]}}