{"id":170,"date":"2020-11-04T21:40:24","date_gmt":"2020-11-04T21:40:24","guid":{"rendered":"http:\/\/blogs.oregonstate.edu\/ada30\/?p=170"},"modified":"2020-11-04T21:45:04","modified_gmt":"2020-11-04T21:45:04","slug":"article","status":"publish","type":"post","link":"https:\/\/blogs.oregonstate.edu\/ada30\/2020\/11\/04\/article\/","title":{"rendered":"Article: &#8220;F\u00e9lix Garmend\u00eda: A Poet\u2019s Advice On Finding Your Invisible Wings&#8221;"},"content":{"rendered":"\n<blockquote class=\"wp-block-quote is-layout-flow wp-block-quote-is-layout-flow\"><p>&#8220;<em>I taught my students that art is open to everyone<\/em>.&#8221; <\/p><cite>F\u00e9lix Garmend\u00eda<\/cite><\/blockquote>\n\n\n\n<p>&#8220;F\u00e9lix Garmend\u00eda, a poet, is an activist in the LGBTQ+ disability movements. He is the author of\u00a0<em>Flying On Invisible Wings<\/em>, an anthology of poetry.\u00a0 He is a 30-year\u00a0<a href=\"https:\/\/www.cdc.gov\/hiv\/basics\/index.html\">HIV<\/a>\u00a0survivor and lives with\u00a0<a href=\"https:\/\/rarediseases.info.nih.gov\/diseases\/3896\/inclusion-body-myositis\">Inclusion Body Myositis\u00a0<\/a>, a progressive muscle disorder that has confined him to a wheelchair.&#8221; Read F\u00e9lix&#8217;s interview about his anthology of poetry,\u00a0<em>Flying On Invisible Wings<\/em> at <a href=\"https:\/\/questionsstudentsask.wordpress.com\/2019\/11\/03\/felix-garmendia-a-poets-advice-on-finding-your-invisible-wings\/?fbclid=IwAR1zdd57Bo4PoTSk8se8O-jMyHiCy4WEkDuLmpbBmkBh5LuLdkrfs2u7hqc\">questionsstudentsask. <\/a><\/p>\n\n\n\n<p><\/p>\n","protected":false},"excerpt":{"rendered":"<p>&#8220;I taught my students that art is open to everyone.&#8221; F\u00e9lix Garmend\u00eda &#8220;F\u00e9lix Garmend\u00eda, a poet, is an activist in the LGBTQ+ disability movements. He is the author of\u00a0Flying On Invisible Wings, an anthology of poetry.\u00a0 He is a 30-year\u00a0HIV\u00a0survivor and lives with\u00a0Inclusion Body Myositis\u00a0, a progressive muscle disorder that has confined him to a &hellip; <a href=\"https:\/\/blogs.oregonstate.edu\/ada30\/2020\/11\/04\/article\/\" class=\"more-link\">Continue reading <span class=\"screen-reader-text\">Article: &#8220;F\u00e9lix Garmend\u00eda: A Poet\u2019s Advice On Finding Your Invisible Wings&#8221;<\/span> <span class=\"meta-nav\">&rarr;<\/span><\/a><\/p>\n","protected":false},"author":10935,"featured_media":0,"comment_status":"open","ping_status":"open","sticky":false,"template":"","format":"standard","meta":{"jetpack_post_was_ever_published":false,"footnotes":""},"categories":[5],"tags":[122,43,120,121,123],"class_list":["post-170","post","type-post","status-publish","format-standard","hentry","category-external-news","tag-disability-and-art","tag-disabled-experience","tag-disabled-poets","tag-hiv-aids","tag-lgbtq-poets-and-disability"],"jetpack_featured_media_url":"","jetpack_shortlink":"https:\/\/wp.me\/sc8OuP-article","post_mailing_queue_ids":[],"_links":{"self":[{"href":"https:\/\/blogs.oregonstate.edu\/ada30\/wp-json\/wp\/v2\/posts\/170","targetHints":{"allow":["GET"]}}],"collection":[{"href":"https:\/\/blogs.oregonstate.edu\/ada30\/wp-json\/wp\/v2\/posts"}],"about":[{"href":"https:\/\/blogs.oregonstate.edu\/ada30\/wp-json\/wp\/v2\/types\/post"}],"author":[{"embeddable":true,"href":"https:\/\/blogs.oregonstate.edu\/ada30\/wp-json\/wp\/v2\/users\/10935"}],"replies":[{"embeddable":true,"href":"https:\/\/blogs.oregonstate.edu\/ada30\/wp-json\/wp\/v2\/comments?post=170"}],"version-history":[{"count":4,"href":"https:\/\/blogs.oregonstate.edu\/ada30\/wp-json\/wp\/v2\/posts\/170\/revisions"}],"predecessor-version":[{"id":177,"href":"https:\/\/blogs.oregonstate.edu\/ada30\/wp-json\/wp\/v2\/posts\/170\/revisions\/177"}],"wp:attachment":[{"href":"https:\/\/blogs.oregonstate.edu\/ada30\/wp-json\/wp\/v2\/media?parent=170"}],"wp:term":[{"taxonomy":"category","embeddable":true,"href":"https:\/\/blogs.oregonstate.edu\/ada30\/wp-json\/wp\/v2\/categories?post=170"},{"taxonomy":"post_tag","embeddable":true,"href":"https:\/\/blogs.oregonstate.edu\/ada30\/wp-json\/wp\/v2\/tags?post=170"}],"curies":[{"name":"wp","href":"https:\/\/api.w.org\/{rel}","templated":true}]}}